{"id":38754,"date":"2015-06-23T08:59:46","date_gmt":"2015-06-23T07:59:46","guid":{"rendered":"https:\/\/desarrollo5.lovelybranddesign.com\/sin-categorizar\/identidad-de-marca-10-preguntas-para-definirla\/"},"modified":"2024-06-07T17:01:52","modified_gmt":"2024-06-07T17:01:52","slug":"identidad-de-marca-10-preguntas-para-definirla","status":"publish","type":"post","link":"https:\/\/thevisualcorner.net\/es\/identidad-de-marca-10-preguntas-para-definirla\/","title":{"rendered":"Identidad de marca: 10 preguntas que debes hacerte"},"content":{"rendered":"\t\t<div data-elementor-type=\"wp-post\" data-elementor-id=\"38754\" class=\"elementor elementor-38754\" data-elementor-post-type=\"post\">\n\t\t\t\t\t\t<section class=\"elementor-section elementor-top-section elementor-element elementor-element-b009bd8 elementor-section-boxed elementor-section-height-default elementor-section-height-default\" data-id=\"b009bd8\" data-element_type=\"section\" data-e-type=\"section\">\n\t\t\t\t\t\t<div class=\"elementor-container elementor-column-gap-default\">\n\t\t\t\t\t<div class=\"elementor-column elementor-col-100 elementor-top-column elementor-element elementor-element-399b5c0\" data-id=\"399b5c0\" data-element_type=\"column\" data-e-type=\"column\">\n\t\t\t<div class=\"elementor-widget-wrap elementor-element-populated\">\n\t\t\t\t\t\t<div class=\"elementor-element elementor-element-5d7637a elementor-widget elementor-widget-image\" data-id=\"5d7637a\" data-element_type=\"widget\" data-e-type=\"widget\" data-widget_type=\"image.default\">\n\t\t\t\t<div class=\"elementor-widget-container\">\n\t\t\t\t\t\t\t\t\t\t\t\t\t\t\t<img decoding=\"async\" width=\"1\" height=\"1\" src=\"https:\/\/thevisualcorner.net\/wp-content\/uploads\/2021\/11\/Moodboard-Femmes-thevisualcorner.jpg\" class=\"attachment-large size-large wp-image-65104\" alt=\"Moodboard para sesi\u00f3n de fotos por Mercy Guzm\u00e1n The Visual Corner branding estudio\" \/>\t\t\t\t\t\t\t\t\t\t\t\t\t\t\t<\/div>\n\t\t\t\t<\/div>\n\t\t\t\t\t<\/div>\n\t\t<\/div>\n\t\t\t\t\t<\/div>\n\t\t<\/section>\n\t\t\t\t<section class=\"elementor-section elementor-top-section elementor-element elementor-element-21cc3709 elementor-section-boxed elementor-section-height-default elementor-section-height-default\" data-id=\"21cc3709\" data-element_type=\"section\" data-e-type=\"section\">\n\t\t\t\t\t\t<div class=\"elementor-container elementor-column-gap-default\">\n\t\t\t\t\t<div class=\"elementor-column elementor-col-100 elementor-top-column elementor-element elementor-element-4e79ed56\" data-id=\"4e79ed56\" data-element_type=\"column\" data-e-type=\"column\">\n\t\t\t<div class=\"elementor-widget-wrap elementor-element-populated\">\n\t\t\t\t\t\t<div class=\"elementor-element elementor-element-253774c4 elementor-widget elementor-widget-text-editor\" data-id=\"253774c4\" data-element_type=\"widget\" data-e-type=\"widget\" data-widget_type=\"text-editor.default\">\n\t\t\t\t<div class=\"elementor-widget-container\">\n\t\t\t\t\t\t\t\t\t<p>La Identidad es el punto final del desarrollo de un proyecto de branding. Debe reflejar muchas cosas, ayudarte a vender y conectar con tu audiencia de forma aut\u00e9ntica.<\/p><p>En el caso de las marcas personales, su identidad suele reflejar bastante la personalidad de sus creadores. Pero cuando la marca crece suelen surgir ciertas dudas respecto a la idoneidad de nuestra identidad personal vs nuestra marca profesional.<\/p><p>Cuando se entiende que adem\u00e1s del dise\u00f1o de un logo, web y tener una paleta de color definida, nos falta algo m\u00e1s, es cuando empezamos a pensar m\u00e1s en nuestro <a href=\"https:\/\/thevisualcorner.net\/que-es-el-branding\/\">branding como el coraz\u00f3n de nuestro proyecto.\u00a0<\/a><\/p><blockquote><h2>\u00bfEs el momento de un cambio y crear una <i>identidad m\u00e1s profesional<\/i>?<\/h2><\/blockquote><h3>Hacer un alto y hacerte una auditoria de marca te ayudar\u00e1 a valorar si tu identidad corporativa actual es coherente con tu proyecto.<\/h3><p>Respondiendo a las preguntas que te propongo en este post, te aseguro que podr\u00e1s retomar el rumbo o empezar a validar los cambios necesarios para poner tu imagen de marca a punto para los nuevos retos de tu empresa.<\/p><p><img fetchpriority=\"high\" decoding=\"async\" src=\"https:\/\/thevisualcorner.net\/wp-content\/uploads\/2021\/02\/LenaKarelova-web-thevisualcorner-1.jpg\" alt=\"Identidad de marca para Lena Karelova Photography\" width=\"1200\" height=\"800\" \/><\/p><h3>\u00a0<\/h3><h2 style=\"color: #333333;\">\u00bfTrabajas tu imagen como un elemento<i>\u00a0central<\/i>\u00a0de\u00a0<i>tu marca personal?<\/i>\u00a0<\/h2><h3 style=\"text-align: left;\">\u00bfRefleja tu identidad de marca la imagen correcta?<\/h3><div style=\"text-align: left;\">\u00a0<\/div><p style=\"text-align: left;\">Muchas personas ni siquiera comprenden por qu\u00e9 la construcci\u00f3n de una marca personal requiere prop\u00f3sito, claridad e intencionalidad.\u00a0<br \/>Si quieres empezar a profundizar en que est\u00e1 pasando con la tuya, realiza este peque\u00f1o cuestionario con las 10 preguntas imprescindibles que te guar\u00e1n en la direcci\u00f3n correcta.\u00a0\u00a0<\/p>\t\t\t\t\t\t\t\t<\/div>\n\t\t\t\t<\/div>\n\t\t\t\t\t<\/div>\n\t\t<\/div>\n\t\t\t\t\t<\/div>\n\t\t<\/section>\n\t\t\t\t<section class=\"elementor-section elementor-top-section elementor-element elementor-element-d45361f elementor-section-boxed elementor-section-height-default elementor-section-height-default\" data-id=\"d45361f\" data-element_type=\"section\" data-e-type=\"section\" data-settings=\"{&quot;background_background&quot;:&quot;classic&quot;}\">\n\t\t\t\t\t\t<div class=\"elementor-container elementor-column-gap-no\">\n\t\t\t\t\t<div class=\"elementor-column elementor-col-50 elementor-top-column elementor-element elementor-element-b171c5f\" data-id=\"b171c5f\" data-element_type=\"column\" data-e-type=\"column\">\n\t\t\t<div class=\"elementor-widget-wrap elementor-element-populated\">\n\t\t\t\t\t\t<div class=\"elementor-element elementor-element-c54aefd elementor-widget elementor-widget-image\" data-id=\"c54aefd\" data-element_type=\"widget\" data-e-type=\"widget\" data-widget_type=\"image.default\">\n\t\t\t\t<div class=\"elementor-widget-container\">\n\t\t\t\t\t\t\t\t\t\t\t\t\t\t\t<img decoding=\"async\" width=\"533\" height=\"799\" src=\"https:\/\/thevisualcorner.net\/wp-content\/uploads\/2024\/05\/branding-design-studio-Mercy.jpg\" class=\"attachment-large size-large wp-image-65283\" alt=\"Mercy Guzm\u00e1n experta en marca personal e Identidad Corporativa en The Visual Corner\" srcset=\"https:\/\/thevisualcorner.net\/wp-content\/uploads\/2024\/05\/branding-design-studio-Mercy.jpg 533w, https:\/\/thevisualcorner.net\/wp-content\/uploads\/2024\/05\/branding-design-studio-Mercy-200x300.jpg 200w\" sizes=\"(max-width: 533px) 100vw, 533px\" \/>\t\t\t\t\t\t\t\t\t\t\t\t\t\t\t<\/div>\n\t\t\t\t<\/div>\n\t\t\t\t\t<\/div>\n\t\t<\/div>\n\t\t\t\t<div class=\"elementor-column elementor-col-50 elementor-top-column elementor-element elementor-element-9ce7136\" data-id=\"9ce7136\" data-element_type=\"column\" data-e-type=\"column\">\n\t\t\t<div class=\"elementor-widget-wrap elementor-element-populated\">\n\t\t\t\t\t\t<div class=\"elementor-element elementor-element-ba6a302 elementor-widget elementor-widget-image\" data-id=\"ba6a302\" data-element_type=\"widget\" data-e-type=\"widget\" data-widget_type=\"image.default\">\n\t\t\t\t<div class=\"elementor-widget-container\">\n\t\t\t\t\t\t\t\t\t\t\t\t\t\t\t<img loading=\"lazy\" decoding=\"async\" width=\"533\" height=\"799\" src=\"https:\/\/thevisualcorner.net\/wp-content\/uploads\/2024\/05\/TheVisualCorner-branding19.jpg\" class=\"attachment-large size-large wp-image-65305\" alt=\"The Visual Corner estudio experto en marca personal e Identidad Corporativa premium\" srcset=\"https:\/\/thevisualcorner.net\/wp-content\/uploads\/2024\/05\/TheVisualCorner-branding19.jpg 533w, https:\/\/thevisualcorner.net\/wp-content\/uploads\/2024\/05\/TheVisualCorner-branding19-200x300.jpg 200w\" sizes=\"(max-width: 533px) 100vw, 533px\" \/>\t\t\t\t\t\t\t\t\t\t\t\t\t\t\t<\/div>\n\t\t\t\t<\/div>\n\t\t\t\t\t<\/div>\n\t\t<\/div>\n\t\t\t\t\t<\/div>\n\t\t<\/section>\n\t\t<div class=\"elementor-element elementor-element-2685b10 e-flex e-con-boxed e-con e-parent\" data-id=\"2685b10\" data-element_type=\"container\" data-e-type=\"container\">\n\t\t\t\t\t<div class=\"e-con-inner\">\n\t\t\t\t<div class=\"elementor-element elementor-element-739c37a elementor-widget elementor-widget-text-editor\" data-id=\"739c37a\" data-element_type=\"widget\" data-e-type=\"widget\" data-widget_type=\"text-editor.default\">\n\t\t\t\t<div class=\"elementor-widget-container\">\n\t\t\t\t\t\t\t\t\t<h2>10 preguntas para valorar tu marca<\/h2><h3>1. \u00bfSientes que tu negocio necesita un cambio y no sabes muy bien por d\u00f3nde empezar?<\/h3><p>\u00bfCrees que tu imagen de marca actual es la causante de que la gente no valore lo que haces?<\/p><h3>2. \u00bfLa comunicaci\u00f3n de tu marca y\/o tus productos\/servicios te cuesta o sientes que no est\u00e1 alineada con tus valores, visi\u00f3n?<\/h3><p>Ejercicio: Valora y lista los elementos que sientes tienen otra personalidad, calidad o estilo de lo que se supone deber\u00edas estar ofreciendo. Y al lado de cada elemento escribe lo que creas que es lo que no encaja.<\/p><h3>3. Si te cuesta comunicar: \u00bfSabes cu\u00e1l es el objetivo de tu proyecto a corto\/mediano plazo? (Econ\u00f3mico, profesional, personal&#8230;)<\/h3><p>Esta lista es un buen indicador para ver qu\u00e9 cosas son coherentes y qu\u00e9 cosas no est\u00e1n aportando valor al negocio.<\/p><h3>4. \u00bfTe ayuda tu imagen de marca actual a conseguir estos objetivos?<\/h3><h3>5. define 5 adjetivos para tu marca<\/h3><p>Si defines tu marca en 5 adjetivos y tambi\u00e9n creas una lista de adjetivos basada en tu personalidad, revisa en qu\u00e9 puntos la personalidad de tu marca y la tuya coinciden y en cu\u00e1les no. Y piensa en el porqu\u00e9 de ello.<\/p><h3>6. \u00bfTienes definidos unos valores de marca?<\/h3><p>Repite el ejercicio anterior y compara si tus valores de empresa y personales coinciden.<\/p><h3>7. \u00bfConoces a tu cliente ideal?<\/h3><p>Sabes qui\u00e9n te compra y a qui\u00e9n prefieres vender. Muchas veces, el cliente actual, antes de un cambio, no es el cliente ideal. Pero siempre hay algunas que destacan porque son ideales. \u00dasalos de base para definir tu p\u00fablico objetivo. Haz una lista con las caracter\u00edsticas que debe cumplir este cliente. Revisa tus clientes actuales y analiza cu\u00e1les son los mejores y por qu\u00e9. \u00bfQu\u00e9 porcentaje de clientes ideales tienes ahora? Esta informaci\u00f3n te dar\u00e1 una pista muy clara del rumbo a tomar para conseguir m\u00e1s clientes de ese tipo.<\/p><h3>8. \u00bfQu\u00e9 te hace destacar entre el resto de profesionales de tu sector?<\/h3><p>Haz una lista con por lo menos 3 cosas concretas. \u00bfEs tu imagen de marca una de ellas? Los comentarios de tus clientes (\u00bfpor qu\u00e9 te han elegido?) pueden ayudarte a tener pistas muy claras.<\/p><h3>9. \u00bfCu\u00e1les son los canales de comunicaci\u00f3n de tu marca?<\/h3><p>\u00bfReflejas en todos ellos los valores y la imagen que te ayudar\u00e1 a alcanzar tus objetivos?<\/p><h3>10. Y por \u00faltimo, pero no menos importante: \u00bfEst\u00e1s a gusto con tu imagen actual?<\/h3><p>Es importante valorar este punto, ya que vivimos en una sociedad que consume una cantidad enorme de im\u00e1genes cada d\u00eda. Si est\u00e1s contento con lo que proyecta tu marca, ser\u00e1 mucho m\u00e1s sencillo que otros sientan lo mismo.<\/p><p>Lo ideal es\u00a0que hagas este ejercicio con calma y te tomes tu tiempo en responder de forma honesta a estas preguntas. No siempre es f\u00e1cil ser objetivos con nuestros propios proyectos (que me lo digan a m\u00ed) pero es importante no perder la perspectiva.<\/p><div>\u00a0<\/div>\t\t\t\t\t\t\t\t<\/div>\n\t\t\t\t<\/div>\n\t\t\t\t\t<\/div>\n\t\t\t\t<\/div>\n\t\t\t\t<section class=\"elementor-section elementor-top-section elementor-element elementor-element-1110921 elementor-section-full_width elementor-section-content-middle elementor-section-height-default elementor-section-height-default\" data-id=\"1110921\" data-element_type=\"section\" data-e-type=\"section\" data-settings=\"{&quot;background_background&quot;:&quot;classic&quot;}\">\n\t\t\t\t\t\t<div class=\"elementor-container elementor-column-gap-default\">\n\t\t\t\t\t<div class=\"elementor-column elementor-col-50 elementor-top-column elementor-element elementor-element-6039513\" data-id=\"6039513\" data-element_type=\"column\" data-e-type=\"column\" data-settings=\"{&quot;background_background&quot;:&quot;classic&quot;}\">\n\t\t\t<div class=\"elementor-widget-wrap elementor-element-populated\">\n\t\t\t\t\t\t<div class=\"elementor-element elementor-element-6d9a503 elementor-widget elementor-widget-image\" data-id=\"6d9a503\" data-element_type=\"widget\" data-e-type=\"widget\" data-widget_type=\"image.default\">\n\t\t\t\t<div class=\"elementor-widget-container\">\n\t\t\t\t\t\t\t\t\t\t\t\t\t\t\t<img loading=\"lazy\" decoding=\"async\" width=\"683\" height=\"1024\" src=\"https:\/\/thevisualcorner.net\/wp-content\/uploads\/2015\/06\/Speaker-premium-branding-thevisualcorner2-683x1024.jpg\" class=\"attachment-large size-large wp-image-65603\" alt=\"\" srcset=\"https:\/\/thevisualcorner.net\/wp-content\/uploads\/2015\/06\/Speaker-premium-branding-thevisualcorner2-683x1024.jpg 683w, https:\/\/thevisualcorner.net\/wp-content\/uploads\/2015\/06\/Speaker-premium-branding-thevisualcorner2-200x300.jpg 200w, https:\/\/thevisualcorner.net\/wp-content\/uploads\/2015\/06\/Speaker-premium-branding-thevisualcorner2-768x1152.jpg 768w, https:\/\/thevisualcorner.net\/wp-content\/uploads\/2015\/06\/Speaker-premium-branding-thevisualcorner2-1024x1536.jpg 1024w, https:\/\/thevisualcorner.net\/wp-content\/uploads\/2015\/06\/Speaker-premium-branding-thevisualcorner2-1366x2048.jpg 1366w, https:\/\/thevisualcorner.net\/wp-content\/uploads\/2015\/06\/Speaker-premium-branding-thevisualcorner2-scaled.jpg 1707w\" sizes=\"(max-width: 683px) 100vw, 683px\" \/>\t\t\t\t\t\t\t\t\t\t\t\t\t\t\t<\/div>\n\t\t\t\t<\/div>\n\t\t\t\t<div class=\"elementor-element elementor-element-2d0e7af elementor-widget elementor-widget-text-editor\" data-id=\"2d0e7af\" data-element_type=\"widget\" data-e-type=\"widget\" data-widget_type=\"text-editor.default\">\n\t\t\t\t<div class=\"elementor-widget-container\">\n\t\t\t\t\t\t\t\t\t<pre>Creaci\u00f3n de la nueva identidad de marca y branding personal para Simonetta Roma.<\/pre>\t\t\t\t\t\t\t\t<\/div>\n\t\t\t\t<\/div>\n\t\t\t\t\t<\/div>\n\t\t<\/div>\n\t\t\t\t<div class=\"elementor-column elementor-col-50 elementor-top-column elementor-element elementor-element-9242073\" data-id=\"9242073\" data-element_type=\"column\" data-e-type=\"column\" data-settings=\"{&quot;background_background&quot;:&quot;classic&quot;}\">\n\t\t\t<div class=\"elementor-widget-wrap elementor-element-populated\">\n\t\t\t\t\t\t<div class=\"elementor-element elementor-element-9dc7f0c elementor-widget elementor-widget-image\" data-id=\"9dc7f0c\" data-element_type=\"widget\" data-e-type=\"widget\" data-widget_type=\"image.default\">\n\t\t\t\t<div class=\"elementor-widget-container\">\n\t\t\t\t\t\t\t\t\t\t\t\t\t\t\t<img loading=\"lazy\" decoding=\"async\" width=\"514\" height=\"1024\" src=\"https:\/\/thevisualcorner.net\/wp-content\/uploads\/2015\/06\/New-web-mobile-Simonetta8-e1717756005198-514x1024.jpg\" class=\"attachment-large size-large wp-image-65599\" alt=\"\" srcset=\"https:\/\/thevisualcorner.net\/wp-content\/uploads\/2015\/06\/New-web-mobile-Simonetta8-e1717756005198-514x1024.jpg 514w, https:\/\/thevisualcorner.net\/wp-content\/uploads\/2015\/06\/New-web-mobile-Simonetta8-e1717756005198-150x300.jpg 150w, https:\/\/thevisualcorner.net\/wp-content\/uploads\/2015\/06\/New-web-mobile-Simonetta8-e1717756005198-768x1531.jpg 768w, https:\/\/thevisualcorner.net\/wp-content\/uploads\/2015\/06\/New-web-mobile-Simonetta8-e1717756005198-771x1536.jpg 771w, https:\/\/thevisualcorner.net\/wp-content\/uploads\/2015\/06\/New-web-mobile-Simonetta8-e1717756005198-1027x2048.jpg 1027w, https:\/\/thevisualcorner.net\/wp-content\/uploads\/2015\/06\/New-web-mobile-Simonetta8-e1717756005198.jpg 1075w\" sizes=\"(max-width: 514px) 100vw, 514px\" \/>\t\t\t\t\t\t\t\t\t\t\t\t\t\t\t<\/div>\n\t\t\t\t<\/div>\n\t\t\t\t\t<\/div>\n\t\t<\/div>\n\t\t\t\t\t<\/div>\n\t\t<\/section>\n\t\t<div class=\"elementor-element elementor-element-dda4c18 e-flex e-con-boxed e-con e-parent\" data-id=\"dda4c18\" data-element_type=\"container\" data-e-type=\"container\">\n\t\t\t\t\t<div class=\"e-con-inner\">\n\t\t\t\t<div class=\"elementor-element elementor-element-5fdd2b9 elementor-widget elementor-widget-text-editor\" data-id=\"5fdd2b9\" data-element_type=\"widget\" data-e-type=\"widget\" data-widget_type=\"text-editor.default\">\n\t\t\t\t<div class=\"elementor-widget-container\">\n\t\t\t\t\t\t\t\t\t<h2>\u00bfQuieres saber uno de los <i>trucos <\/i>que uso con mis <i>clientes de branding <\/i>y <i>consultor\u00eda<\/i> de marca?<\/h2><p>Solemos contestar las preguntas un d\u00eda y volver a trabajar con ellas al cabo de una semana (sin ver las anteriores respuestas). Es una t\u00e9cnica que te puede ayudar a comparar cuan efectivo y honest@ has sido con tus resultados. Y tambi\u00e9n te dar\u00e1 espacio mental para interiorizar este proceso.<\/p><h4>SI QUIERES SEGUIR INDAGANDO EN ESTE TEMA, PUEDES VER MIS POST BRANDING E IDENTIDAD CORPORATIVA AQU\u00cd:<\/h4><ul><li><h4><a href=\"https:\/\/thevisualcorner.net\/que-es-el-branding\/\">\u00bfQU\u00c9 ES EL BRANDING?<\/a><\/h4><\/li><li><h4><a href=\"https:\/\/thevisualcorner.net\/es\/como-crear-una-marca-o-branding-premium\/\">C\u00d3MO CREAR UN BRANDING PREMIUM PARA TU MARCA (DESCARGABLE)<\/a><\/h4><\/li><li><h4><a href=\"https:\/\/thevisualcorner.net\/preparar-sesion-de-fotos-para-web\/\">C\u00d3MO PREPARAR UNA SESI\u00d3N DE FOTOS PARA TU MARCA<\/a><\/h4><\/li><\/ul>\t\t\t\t\t\t\t\t<\/div>\n\t\t\t\t<\/div>\n\t\t\t\t\t<\/div>\n\t\t\t\t<\/div>\n\t\t<div class=\"elementor-element elementor-element-f8bffa1 e-flex e-con-boxed e-con e-parent\" data-id=\"f8bffa1\" data-element_type=\"container\" data-e-type=\"container\">\n\t\t\t\t\t<div class=\"e-con-inner\">\n\t\t\t\t<div class=\"elementor-element elementor-element-04383d1 elementor-widget elementor-widget-text-editor\" data-id=\"04383d1\" data-element_type=\"widget\" data-e-type=\"widget\" data-widget_type=\"text-editor.default\">\n\t\t\t\t<div class=\"elementor-widget-container\">\n\t\t\t\t\t\t\t\t\t<p>Si crees que necesitas nuestros <a href=\"https:\/\/thevisualcorner.net\/es\/consultoria-de-marca-para-negocios-y-emprendedores\/\">servicios de consultor\u00eda<\/a>, puedes ver m\u00e1s informaci\u00f3n <a href=\"https:\/\/thevisualcorner.net\/es\/consultoria-de-marca-para-negocios-y-emprendedores\/\">aqu\u00ed<\/a><\/p>\t\t\t\t\t\t\t\t<\/div>\n\t\t\t\t<\/div>\n\t\t\t\t\t<\/div>\n\t\t\t\t<\/div>\n\t\t\t\t<\/div>\n\t\t","protected":false},"excerpt":{"rendered":"<p>La construcci\u00f3n de una marca, personal o comercial, requiere de prop\u00f3sito, claridad e intencionalidad. Aqu\u00ed tienes 10 preguntas para ayudarte a encontrar foco. <\/p>\n","protected":false},"author":2,"featured_media":65283,"comment_status":"open","ping_status":"open","sticky":false,"template":"elementor_theme","format":"standard","meta":{"footnotes":""},"categories":[35,36,37],"tags":[],"class_list":["post-38754","post","type-post","status-publish","format-standard","has-post-thumbnail","hentry","category-branding-es","category-emprendedores","category-para-creativos"],"_links":{"self":[{"href":"https:\/\/thevisualcorner.net\/es\/wp-json\/wp\/v2\/posts\/38754","targetHints":{"allow":["GET"]}}],"collection":[{"href":"https:\/\/thevisualcorner.net\/es\/wp-json\/wp\/v2\/posts"}],"about":[{"href":"https:\/\/thevisualcorner.net\/es\/wp-json\/wp\/v2\/types\/post"}],"author":[{"embeddable":true,"href":"https:\/\/thevisualcorner.net\/es\/wp-json\/wp\/v2\/users\/2"}],"replies":[{"embeddable":true,"href":"https:\/\/thevisualcorner.net\/es\/wp-json\/wp\/v2\/comments?post=38754"}],"version-history":[{"count":0,"href":"https:\/\/thevisualcorner.net\/es\/wp-json\/wp\/v2\/posts\/38754\/revisions"}],"wp:featuredmedia":[{"embeddable":true,"href":"https:\/\/thevisualcorner.net\/es\/wp-json\/wp\/v2\/media\/65283"}],"wp:attachment":[{"href":"https:\/\/thevisualcorner.net\/es\/wp-json\/wp\/v2\/media?parent=38754"}],"wp:term":[{"taxonomy":"category","embeddable":true,"href":"https:\/\/thevisualcorner.net\/es\/wp-json\/wp\/v2\/categories?post=38754"},{"taxonomy":"post_tag","embeddable":true,"href":"https:\/\/thevisualcorner.net\/es\/wp-json\/wp\/v2\/tags?post=38754"}],"curies":[{"name":"wp","href":"https:\/\/api.w.org\/{rel}","templated":true}]}}