{"id":38755,"date":"2015-06-09T11:18:49","date_gmt":"2015-06-09T11:18:49","guid":{"rendered":"https:\/\/desarrollo5.lovelybranddesign.com\/sin-categorizar\/identidad-la-petite-alma\/"},"modified":"2024-06-27T08:11:19","modified_gmt":"2024-06-27T08:11:19","slug":"identidad-la-petite-alma","status":"publish","type":"post","link":"https:\/\/thevisualcorner.net\/es\/identidad-la-petite-alma\/","title":{"rendered":"Dise\u00f1o de Identidad para La Petite Alma"},"content":{"rendered":"\t\t<div data-elementor-type=\"wp-post\" data-elementor-id=\"38755\" class=\"elementor elementor-38755\" data-elementor-post-type=\"post\">\n\t\t\t\t<div class=\"elementor-element elementor-element-61da03a8 e-flex e-con-boxed e-con e-parent\" data-id=\"61da03a8\" data-element_type=\"container\" data-e-type=\"container\">\n\t\t\t\t\t<div class=\"e-con-inner\">\n\t\t\t\t<div class=\"elementor-element elementor-element-98c9b09 elementor-widget elementor-widget-text-editor\" data-id=\"98c9b09\" data-element_type=\"widget\" data-e-type=\"widget\" data-widget_type=\"text-editor.default\">\n\t\t\t\t<div class=\"elementor-widget-container\">\n\t\t\t\t\t\t\t\t\t<p>Cuando Elisa se puso en contacto conmigo para desarrollar la identidad de <strong>La Petite Alma<\/strong> me hizo much\u00edsima ilusi\u00f3n. Los que me conocen bien saben que me gustan mucho las gr\u00e1ficas en blanco y negro. As\u00ed que no pod\u00eda estar m\u00e1s contenta de tener la oportunidad de crear un dise\u00f1o donde la premisa era trabajar sobre estos colores. El reto era conseguir algo limpio, divertido y perfecto para una tienda con productos para ni\u00f1os modernos.<\/p><p>Basada en dos colores: Blanco y Negro, la Identidad para La Petite Alma es divertida y moderna. Las letras no paran de moverse, como los ni\u00f1os que juegan con los productos de esta fabulosa tienda online.<\/p><p>Otro placer fue ver las fotos que la fabulosa <a title=\"Silvia Buj\u00e1n fotograf\u00eda\" href=\"http:\/\/www.silviabujan.es\/\" target=\"_blank\" rel=\"noopener noreferrer\">Silvia Buj\u00e1n<\/a> hab\u00eda creado para la marca. Es que trabajar con <a href=\"https:\/\/thevisualcorner.net\/blog-diseno\/fotografia-profesional-exito-marca\/\" target=\"_blank\" rel=\"noopener noreferrer\">fotograf\u00edas de calidad<\/a> cambia mucho\u00a0el resultado final de un proyecto. Y siempre es un acierto trabajar con alguien que se adapte por estilo a lo que necesita tu marca.<\/p><p>Os dejo aqu\u00ed las im\u00e1genes del resultado del nuevo logo e identidad de marca que hemos dise\u00f1ado para La Petite Alma.<\/p><p>\u00a1Espero que os guste!<\/p><p>PD: Si quires ver otros proyectos de branding, visita <a href=\"https:\/\/thevisualcorner.net\/diseno-grafico-proyectos\/\">este enlace<\/a> \ud83d\ude09<\/p><p><img fetchpriority=\"high\" decoding=\"async\" class=\"aligncenter wp-image-37349 size-full\" src=\"https:\/\/thevisualcorner.net\/wp-content\/uploads\/2015\/04\/branddesign-LaPetiteAlma-scaled-1.jpg\" alt=\"Brand design for La Petite Alma by The Visual Corner studio from Barcelona\" width=\"1100\" height=\"2880\" \/><\/p>\t\t\t\t\t\t\t\t<\/div>\n\t\t\t\t<\/div>\n\t\t\t\t\t<\/div>\n\t\t\t\t<\/div>\n\t\t\t\t<\/div>\n\t\t","protected":false},"excerpt":{"rendered":"<p>Dise\u00f1o de Identidad de marca para el proyecto La Petite Alma con fotograf\u00edas de Silvia Buj\u00e1n<\/p>\n","protected":false},"author":2,"featured_media":66075,"comment_status":"open","ping_status":"open","sticky":false,"template":"elementor_theme","format":"standard","meta":{"footnotes":""},"categories":[35,38,36],"tags":[],"class_list":["post-38755","post","type-post","status-publish","format-standard","has-post-thumbnail","hentry","category-branding-es","category-diseno","category-emprendedores"],"_links":{"self":[{"href":"https:\/\/thevisualcorner.net\/es\/wp-json\/wp\/v2\/posts\/38755","targetHints":{"allow":["GET"]}}],"collection":[{"href":"https:\/\/thevisualcorner.net\/es\/wp-json\/wp\/v2\/posts"}],"about":[{"href":"https:\/\/thevisualcorner.net\/es\/wp-json\/wp\/v2\/types\/post"}],"author":[{"embeddable":true,"href":"https:\/\/thevisualcorner.net\/es\/wp-json\/wp\/v2\/users\/2"}],"replies":[{"embeddable":true,"href":"https:\/\/thevisualcorner.net\/es\/wp-json\/wp\/v2\/comments?post=38755"}],"version-history":[{"count":0,"href":"https:\/\/thevisualcorner.net\/es\/wp-json\/wp\/v2\/posts\/38755\/revisions"}],"wp:featuredmedia":[{"embeddable":true,"href":"https:\/\/thevisualcorner.net\/es\/wp-json\/wp\/v2\/media\/66075"}],"wp:attachment":[{"href":"https:\/\/thevisualcorner.net\/es\/wp-json\/wp\/v2\/media?parent=38755"}],"wp:term":[{"taxonomy":"category","embeddable":true,"href":"https:\/\/thevisualcorner.net\/es\/wp-json\/wp\/v2\/categories?post=38755"},{"taxonomy":"post_tag","embeddable":true,"href":"https:\/\/thevisualcorner.net\/es\/wp-json\/wp\/v2\/tags?post=38755"}],"curies":[{"name":"wp","href":"https:\/\/api.w.org\/{rel}","templated":true}]}}