{"id":60082,"date":"2023-11-21T13:10:35","date_gmt":"2023-11-21T13:10:35","guid":{"rendered":"https:\/\/thevisualcorner.net\/porque-invertir-en-tu-marca-marca-personal-puede-mejorar-tu-vida-y-tu-negocio\/"},"modified":"2026-03-17T16:02:58","modified_gmt":"2026-03-17T16:02:58","slug":"porque-invertir-en-tu-marca-marca-personal-puede-mejorar-tu-vida-y-tu-negocio","status":"publish","type":"post","link":"https:\/\/thevisualcorner.net\/es\/porque-invertir-en-tu-marca-marca-personal-puede-mejorar-tu-vida-y-tu-negocio\/","title":{"rendered":"Porqu\u00e9 invertir en tu marca marca personal puede mejorar tu vida y tu negocio"},"content":{"rendered":"\t\t<div data-elementor-type=\"wp-post\" data-elementor-id=\"60082\" class=\"elementor elementor-60082 elementor-59925\" data-elementor-post-type=\"post\">\n\t\t\t\t<div class=\"elementor-element elementor-element-a824d4b e-flex e-con-boxed e-con e-parent\" data-id=\"a824d4b\" data-element_type=\"container\" data-e-type=\"container\">\n\t\t\t\t\t<div class=\"e-con-inner\">\n\t\t\t\t<div class=\"elementor-element elementor-element-25a3f97c elementor-widget elementor-widget-text-editor\" data-id=\"25a3f97c\" data-element_type=\"widget\" data-e-type=\"widget\" data-widget_type=\"text-editor.default\">\n\t\t\t\t<div class=\"elementor-widget-container\">\n\t\t\t\t\t\t\t\t\t<p><\/p>\n<p>\u00bfTe has preguntado m\u00e1s de una vez porque te cuesta comunicar de forma asertiva tu valor? Desde mi experiencia personal s\u00e9 que como mujeres, muchas veces nos cuesta celebrar y comunicar nuestros logros y virtudes. El compaginar distintos roles a dario, a veces nos hace perder oportunidades de celebrarnos y entender que est\u00e1 bien tener distintas pasiones e intereses. Somos las protagonistas de nuestra propia historia, por eso es vital que la contemos a nuestra audiencia de forma correcta. Si te preguntas,<b>\u00bfC\u00f3mo tu marca apersonal te puede ayudar a destacar?<\/b><\/p>\n<p><\/p>\n<p><\/p>\n<p>Ya seas empleada, emprendedora o empresaria, es imporante dar visibilidad a tu trayectoria, tener una voz de marca clara y reconocible que te ayude a que tu proyecto tenga el impacto que se merece. Y la marca personal va de todo esto. Tu marca te debe ayudar a navegar entre el ruido m\u00e9diatico, ayudarte a mostrar tu esencia para dejar una huella irrepetible en todo lo que haces. Porque como dice la famosa frase, cuando no est\u00e1s presente, tus clientes, amigos y colaboradores hablan de ti. As\u00ed que \u00bfpor que no alinear esta narrativa a tus valores y misi\u00f3n?<\/p>\n<p><\/p>\n<p><\/p>\n<p><\/p>\t\t\t\t\t\t\t\t<\/div>\n\t\t\t\t<\/div>\n\t\t\t\t<div class=\"elementor-element elementor-element-77df370 elementor-widget elementor-widget-image\" data-id=\"77df370\" data-element_type=\"widget\" data-e-type=\"widget\" data-widget_type=\"image.default\">\n\t\t\t\t<div class=\"elementor-widget-container\">\n\t\t\t\t\t\t\t\t\t\t\t\t\t\t\t\t<a href=\"https:\/\/thevisualcorner.net\/portfolio\/branding-para-cynthia-poirrier\/\">\n\t\t\t\t\t\t\t<img fetchpriority=\"high\" decoding=\"async\" width=\"800\" height=\"800\" src=\"https:\/\/thevisualcorner.net\/wp-content\/uploads\/2023\/10\/CynthiaPoirrier-branding_thevisualcorner6-scaled-1-1024x1024.jpg\" class=\"attachment-large size-large wp-image-59044\" alt=\"Branding para Cynthia Poirrier. Dise\u00f1o de marca premium por The Visual Corner estudio\" srcset=\"https:\/\/thevisualcorner.net\/wp-content\/uploads\/2023\/10\/CynthiaPoirrier-branding_thevisualcorner6-scaled-1-1024x1024.jpg 1024w, https:\/\/thevisualcorner.net\/wp-content\/uploads\/2023\/10\/CynthiaPoirrier-branding_thevisualcorner6-scaled-1-300x300.jpg 300w, https:\/\/thevisualcorner.net\/wp-content\/uploads\/2023\/10\/CynthiaPoirrier-branding_thevisualcorner6-scaled-1-150x150.jpg 150w, https:\/\/thevisualcorner.net\/wp-content\/uploads\/2023\/10\/CynthiaPoirrier-branding_thevisualcorner6-scaled-1-768x768.jpg 768w, https:\/\/thevisualcorner.net\/wp-content\/uploads\/2023\/10\/CynthiaPoirrier-branding_thevisualcorner6-scaled-1-650x650.jpg 650w, https:\/\/thevisualcorner.net\/wp-content\/uploads\/2023\/10\/CynthiaPoirrier-branding_thevisualcorner6-scaled-1.jpg 1300w\" sizes=\"(max-width: 800px) 100vw, 800px\" \/>\t\t\t\t\t\t\t\t<\/a>\n\t\t\t\t\t\t\t\t\t\t\t\t\t\t\t<\/div>\n\t\t\t\t<\/div>\n\t\t\t\t<div class=\"elementor-element elementor-element-3a5ae3a elementor-widget elementor-widget-text-editor\" data-id=\"3a5ae3a\" data-element_type=\"widget\" data-e-type=\"widget\" data-widget_type=\"text-editor.default\">\n\t\t\t\t<div class=\"elementor-widget-container\">\n\t\t\t\t\t\t\t\t\t<p> <\/p><p> <\/p><h2 class=\"wp-block-heading\">El <strong>poder<\/strong> <i>transformador<\/i> de tu <strong><i>marca<\/i> personal<\/strong><\/h2><p> <\/p><p>Tenemos que aprender a vender de la mejor forma posible nuestras negocios y talentos para mejorar nuestras oportunidades. Y esto no se consigue solo buecando a alguien que te dise\u00f1e <a href=\"https:\/\/thevisualcorner.net\/branding-design-business-resources\/\" data-type=\"page\" data-id=\"162\">bonito logo o p\u00e1gina website<\/a>. Va m\u00e1s de trabajar con un profesional que vea a trav\u00e9s de ti y te ayude a ganar foco para destacar tus mejores cualidades, servicios y productos.<\/p><p> <\/p><p>Trabajar tu marca de forma consciente es una de las mejores inversiones que puedes hacer por ti. Conocerte bien siempre te ayudar\u00e1 a tomar mejores decisiones, explorar distintos caminos y conectar con aquellos que est\u00e1n m\u00e1s alineados con tu esencia. \u00bfVes la importancia? Esta <a href=\"https:\/\/www.ted.com\/talks\/lyn_cacha_how_to_build_your_powerful_personal_brand\" target=\"_blank\" rel=\"noopener\">TED talk sobre marca personal<\/a> es muy interesante y va de como tu marca personal es m\u00e1s sobre la percepci\u00f3n que tienes de ti misma y de como se traslada esto en tus acciones. Te recomeniedo echarle un vistazo.<\/p><p> <\/p><p> <\/p><h2 class=\"wp-block-heading\"><strong style=\"color: var( --e-global-color-4b09c1d ); text-align: var(--text-align);\"><i>Branding<\/i> personal para emprendedoras<\/strong><span style=\"color: var( --e-global-color-4b09c1d ); text-align: var(--text-align); background-color: var( --e-global-color-fca56fe );\">:<\/span><\/h2><p> <\/p><h3 class=\"wp-block-heading\">Una marca personal fuerte hace tu vida y tu trabajo m\u00e1s f\u00e1cil<\/h3><p> <\/p><p>Tener una marca personal clara es el primer paso para tener un negocio de \u00e9xito, a\u00fan sin tener una p\u00e1gina web, un logo o ser muy activo en redes sociales. Muchas de las <a href=\"https:\/\/thevisualcorner.net\/es\/servicios-de-creacion-de-marca-branding\/\" data-type=\"page\" data-id=\"52735\">mujeres lideres<\/a> con las que he tenido el placer de trabajar no tienen algunas de estas cosas, aunque en alg\u00fan punto todas entienden su valor e invierten en ellas. Estas mujeres tienen negocios \u00e9xitosos, una gran red de contactos y una visi\u00f3n muy clara de qui\u00e9n es su audiencia. Ellas saben el valor de invertir en su crecimiento y siempre est\u00e1n dispuestas a buscar profesionales que las ayuden para conseguir mejores resultados.<\/p><p> <\/p><p>Saben que <a href=\"https:\/\/thevisualcorner.net\/es\/consultoria-de-marca-para-negocios-y-emprendedores\/\" data-type=\"page\" data-id=\"58210\">tener su marca personal bien definida<\/a> es empoderador y por eso invierten tanto en ella. Una marca bien trabajada tiene un impacto significativo en tu negocio y por ende, en tu vida. Te proporciona oportunidades que de otro modo quiz\u00e1s nunca llegarian. Te posiciona en el lugar correcto para ser descubierta por los colaboradores y clientes adecuados.<\/p><p> <\/p><p> <\/p><h2 class=\"wp-block-heading\">Dise\u00f1a tu <i>narrativa<\/i> para potenciar tu <i>marca personal.<\/i><\/h2><p> <\/p><h3 class=\"wp-block-heading\"><strong>\u00bfC\u00f3mo desarrollar tu historia pone en valor tu <a href=\"https:\/\/thevisualcorner.net\/es\/5-tips-de-branding-para-atraer-a-tu-cliente-ideal\/\" data-type=\"post\" data-id=\"8315\">identidad personal?<\/a><\/strong><\/h3><p> <\/p><p>Eres la protagonista de tu propia histora. Y tal vez sea el momento de enmarcar tu narrativa (branding personal) y mostrar de qu\u00e9 manera esta historia ayudar\u00e1 a tu audiencia a generar un cambio qu eimpacte sus negocios y vidas. Este es el secreto de algunas de las profesionales lideres con las que he tenido el placer de trabajar: han descubierto lo que es importante para ellas y lo utilizan para elevar sus negocios y las experiencias que ofrecen. \u00bfCrees que es tiempo de invertir en tu crecimiento? Si te sientes as\u00ed, exploremos el empoderador viaje de descubrir tu la esencia de tu marca y hacer que funcione para ti.<\/p><p> <\/p><p> <\/p>\t\t\t\t\t\t\t\t<\/div>\n\t\t\t\t<\/div>\n\t\t\t\t<div class=\"elementor-element elementor-element-33bba1f elementor-widget elementor-widget-image\" data-id=\"33bba1f\" data-element_type=\"widget\" data-e-type=\"widget\" data-widget_type=\"image.default\">\n\t\t\t\t<div class=\"elementor-widget-container\">\n\t\t\t\t\t\t\t\t\t\t\t\t\t\t\t\t<a href=\"https:\/\/thevisualcorner.net\/es\/proyectos-de-branding\/\">\n\t\t\t\t\t\t\t<img decoding=\"async\" width=\"800\" height=\"534\" src=\"https:\/\/thevisualcorner.net\/wp-content\/uploads\/2023\/10\/PatriciaPanos-minimalista-v1-1024x683.jpeg\" class=\"attachment-large size-large wp-image-58444\" alt=\"Personal branding for Patricia Pa\u00f1os minimalist life coach by The VIsual Corner studio\" srcset=\"https:\/\/thevisualcorner.net\/wp-content\/uploads\/2023\/10\/PatriciaPanos-minimalista-v1-1024x683.jpeg 1024w, https:\/\/thevisualcorner.net\/wp-content\/uploads\/2023\/10\/PatriciaPanos-minimalista-v1-300x200.jpeg 300w, https:\/\/thevisualcorner.net\/wp-content\/uploads\/2023\/10\/PatriciaPanos-minimalista-v1-768x512.jpeg 768w, https:\/\/thevisualcorner.net\/wp-content\/uploads\/2023\/10\/PatriciaPanos-minimalista-v1-1536x1024.jpeg 1536w, https:\/\/thevisualcorner.net\/wp-content\/uploads\/2023\/10\/PatriciaPanos-minimalista-v1-2048x1365.jpeg 2048w\" sizes=\"(max-width: 800px) 100vw, 800px\" \/>\t\t\t\t\t\t\t\t<\/a>\n\t\t\t\t\t\t\t\t\t\t\t\t\t\t\t<\/div>\n\t\t\t\t<\/div>\n\t\t\t\t\t<\/div>\n\t\t\t\t<\/div>\n\t\t\t\t<\/div>\n\t\t","protected":false},"excerpt":{"rendered":"<p>Una marca personal bien dise\u00f1ada tiene un impacto significativo en tu vida empresarial y personal, ya que te abre la puerta a nuevas posibilidades y te permite posicionarte para ser descubierto por los colaboradores adecuados. Eres el h\u00e9roe o la heroina de tu propia historia. Has que esa historia tenga un impacto positivo a trav\u00e9s de trabajo como marca personal. <\/p>\n","protected":false},"author":2,"featured_media":58507,"comment_status":"open","ping_status":"open","sticky":false,"template":"elementor_theme","format":"standard","meta":{"footnotes":""},"categories":[60,62],"tags":[],"class_list":["post-60082","post","type-post","status-publish","format-standard","has-post-thumbnail","hentry","category-branding-es-2","category-emprender"],"_links":{"self":[{"href":"https:\/\/thevisualcorner.net\/es\/wp-json\/wp\/v2\/posts\/60082","targetHints":{"allow":["GET"]}}],"collection":[{"href":"https:\/\/thevisualcorner.net\/es\/wp-json\/wp\/v2\/posts"}],"about":[{"href":"https:\/\/thevisualcorner.net\/es\/wp-json\/wp\/v2\/types\/post"}],"author":[{"embeddable":true,"href":"https:\/\/thevisualcorner.net\/es\/wp-json\/wp\/v2\/users\/2"}],"replies":[{"embeddable":true,"href":"https:\/\/thevisualcorner.net\/es\/wp-json\/wp\/v2\/comments?post=60082"}],"version-history":[{"count":1,"href":"https:\/\/thevisualcorner.net\/es\/wp-json\/wp\/v2\/posts\/60082\/revisions"}],"predecessor-version":[{"id":69745,"href":"https:\/\/thevisualcorner.net\/es\/wp-json\/wp\/v2\/posts\/60082\/revisions\/69745"}],"wp:featuredmedia":[{"embeddable":true,"href":"https:\/\/thevisualcorner.net\/es\/wp-json\/wp\/v2\/media\/58507"}],"wp:attachment":[{"href":"https:\/\/thevisualcorner.net\/es\/wp-json\/wp\/v2\/media?parent=60082"}],"wp:term":[{"taxonomy":"category","embeddable":true,"href":"https:\/\/thevisualcorner.net\/es\/wp-json\/wp\/v2\/categories?post=60082"},{"taxonomy":"post_tag","embeddable":true,"href":"https:\/\/thevisualcorner.net\/es\/wp-json\/wp\/v2\/tags?post=60082"}],"curies":[{"name":"wp","href":"https:\/\/api.w.org\/{rel}","templated":true}]}}