{"id":67993,"date":"2025-01-07T11:48:36","date_gmt":"2025-01-07T11:48:36","guid":{"rendered":"https:\/\/thevisualcorner.net\/el-poder-del-branding-consciente-manifiesta-la-marca-que-quieres-ser\/"},"modified":"2026-04-23T03:51:45","modified_gmt":"2026-04-23T03:51:45","slug":"el-poder-del-branding-consciente-manifiesta-la-marca-que-quieres-ser","status":"publish","type":"post","link":"https:\/\/thevisualcorner.net\/es\/el-poder-del-branding-consciente-manifiesta-la-marca-que-quieres-ser\/","title":{"rendered":"El poder del branding consciente: Manifiesta la marca que quieres ser"},"content":{"rendered":"\t\t<div data-elementor-type=\"wp-post\" data-elementor-id=\"67993\" class=\"elementor elementor-67993 elementor-67880\" data-elementor-post-type=\"post\">\n\t\t\t\t<div class=\"elementor-element elementor-element-4bae0aa6 e-flex e-con-boxed e-con e-parent\" data-id=\"4bae0aa6\" data-element_type=\"container\" data-e-type=\"container\">\n\t\t\t\t\t<div class=\"e-con-inner\">\n\t\t\t\t<div class=\"elementor-element elementor-element-f96e9cd elementor-toc--minimized-on-tablet elementor-widget elementor-widget-table-of-contents\" data-id=\"f96e9cd\" data-element_type=\"widget\" data-e-type=\"widget\" data-settings=\"{&quot;headings_by_tags&quot;:[&quot;h2&quot;,&quot;h3&quot;],&quot;exclude_headings_by_selector&quot;:[],&quot;no_headings_message&quot;:&quot;No headings were found on this page.&quot;,&quot;collapse_subitems&quot;:&quot;yes&quot;,&quot;marker_view&quot;:&quot;numbers&quot;,&quot;minimize_box&quot;:&quot;yes&quot;,&quot;minimized_on&quot;:&quot;tablet&quot;,&quot;hierarchical_view&quot;:&quot;yes&quot;,&quot;min_height&quot;:{&quot;unit&quot;:&quot;px&quot;,&quot;size&quot;:&quot;&quot;,&quot;sizes&quot;:[]},&quot;min_height_tablet&quot;:{&quot;unit&quot;:&quot;px&quot;,&quot;size&quot;:&quot;&quot;,&quot;sizes&quot;:[]},&quot;min_height_mobile&quot;:{&quot;unit&quot;:&quot;px&quot;,&quot;size&quot;:&quot;&quot;,&quot;sizes&quot;:[]}}\" data-widget_type=\"table-of-contents.default\">\n\t\t\t\t<div class=\"elementor-widget-container\">\n\t\t\t\t\t\t\t\t\t<div class=\"elementor-toc__header\">\n\t\t\t\t\t\t<h5 class=\"elementor-toc__header-title\">\n\t\t\t\tTabla de contenidos\t\t\t<\/h5>\n\t\t\t\t\t\t\t\t\t\t<div class=\"elementor-toc__toggle-button elementor-toc__toggle-button--expand\" role=\"button\" tabindex=\"0\" aria-controls=\"elementor-toc__f96e9cd\" aria-expanded=\"true\" aria-label=\"Abrir la tabla de contenidos\"><svg aria-hidden=\"true\" class=\"e-font-icon-svg e-fas-chevron-down\" viewBox=\"0 0 448 512\" xmlns=\"http:\/\/www.w3.org\/2000\/svg\"><path d=\"M207.029 381.476L12.686 187.132c-9.373-9.373-9.373-24.569 0-33.941l22.667-22.667c9.357-9.357 24.522-9.375 33.901-.04L224 284.505l154.745-154.021c9.379-9.335 24.544-9.317 33.901.04l22.667 22.667c9.373 9.373 9.373 24.569 0 33.941L240.971 381.476c-9.373 9.372-24.569 9.372-33.942 0z\"><\/path><\/svg><\/div>\n\t\t\t\t<div class=\"elementor-toc__toggle-button elementor-toc__toggle-button--collapse\" role=\"button\" tabindex=\"0\" aria-controls=\"elementor-toc__f96e9cd\" aria-expanded=\"true\" aria-label=\"Cerrar la tabla de contenidos\"><svg aria-hidden=\"true\" class=\"e-font-icon-svg e-fas-chevron-up\" viewBox=\"0 0 448 512\" xmlns=\"http:\/\/www.w3.org\/2000\/svg\"><path d=\"M240.971 130.524l194.343 194.343c9.373 9.373 9.373 24.569 0 33.941l-22.667 22.667c-9.357 9.357-24.522 9.375-33.901.04L224 227.495 69.255 381.516c-9.379 9.335-24.544 9.317-33.901-.04l-22.667-22.667c-9.373-9.373-9.373-24.569 0-33.941L207.03 130.525c9.372-9.373 24.568-9.373 33.941-.001z\"><\/path><\/svg><\/div>\n\t\t\t\t\t<\/div>\n\t\t\t\t<div id=\"elementor-toc__f96e9cd\" class=\"elementor-toc__body elementor-toc__list-items--collapsible\">\n\t\t\t<div class=\"elementor-toc__spinner-container\">\n\t\t\t\t<svg class=\"elementor-toc__spinner eicon-animation-spin e-font-icon-svg e-eicon-loading\" aria-hidden=\"true\" viewBox=\"0 0 1000 1000\" xmlns=\"http:\/\/www.w3.org\/2000\/svg\"><path d=\"M500 975V858C696 858 858 696 858 500S696 142 500 142 142 304 142 500H25C25 237 238 25 500 25S975 237 975 500 763 975 500 975Z\"><\/path><\/svg>\t\t\t<\/div>\n\t\t<\/div>\n\t\t\t\t\t\t<\/div>\n\t\t\t\t<\/div>\n\t\t\t\t<div class=\"elementor-element elementor-element-5e81afb elementor-widget elementor-widget-text-editor\" data-id=\"5e81afb\" data-element_type=\"widget\" data-e-type=\"widget\" data-widget_type=\"text-editor.default\">\n\t\t\t\t<div class=\"elementor-widget-container\">\n\t\t\t\t\t\t\t\t\t<p>En un mundo donde los negocios son m\u00e1s que simples transacciones, el branding consciente ha emergido como un enfoque transformador para construir una marca sostenible, impactante y aut\u00e9ntica. Ya sea que est\u00e9s creando una marca personal o comercial, tienes el poder de manifestar y dise\u00f1ar el tipo de marca que quieres ser. No se trata solo de est\u00e9tica o marketing, sino de ser consciente de la huella que tu negocio deja en tus clientes, colaboradores y el planeta.  <\/p><h2><strong>\u00bfQu\u00e9 es el branding consciente?<\/strong><\/h2><p>Ser consciente significa estar atento: atento a c\u00f3mo tu marca impacta a las personas a su alrededor y al mundo en general. Una marca consciente prioriza un modelo de negocio sostenible que respalde tu estilo de vida, metas empresariales, servicios y el legado que deseas dejar. <\/p><h3>Para crear una marca consciente, necesitas:<\/h3><p> <\/p><ul><li>Una <strong>visi\u00f3n clara<\/strong> de lo que quieres que tu marca represente.<\/li><\/ul><ul><li>Un <strong>enfoque centrado<\/strong> en lo que realmente importa para ti y tu audiencia.<\/li><\/ul><ul><li>Un <strong>compromiso coherente, alineado<\/strong> con tus intenciones y acciones.<\/li><\/ul><h2><strong>Pasos para construir una marca consciente<\/strong><\/h2><p> <\/p><h3 style=\"padding-left: 40px;\"><strong>Define tu \u00abPor qu\u00e9\u00bb<\/strong><\/h3><p style=\"padding-left: 40px;\">Conocer el prop\u00f3sito detr\u00e1s de tu marca es crucial. <strong>Tu \u00abpor qu\u00e9\u00bb se convierte en la base de la historia de tu marca <\/strong>y te ayuda a conectar aut\u00e9nticamente con tu audiencia.<\/p><h3 style=\"padding-left: 40px;\"><strong>Rod\u00e9ate de las personas correctas<\/strong><\/h3><p style=\"padding-left: 40px;\">Los colaboradores, clientes y socios con los que trabajas juegan un papel significativo en la energ\u00eda y el \u00e9xito de tu marca. Elige <strong>relaciones que est\u00e9n alineadas con tus valores y amplifiquen tu misi\u00f3n.<\/strong> <\/p><h3 style=\"padding-left: 40px;\"><strong>Toma pasos estrat\u00e9gicos<\/strong><\/h3><p style=\"padding-left: 40px;\">El branding consciente <strong>no se trata solo de ideales; se trata de acci\u00f3n.<\/strong> Ya sea que est\u00e9s reimaginando tu marca o elevando tu posicionamiento, realiza cambios reales y estrat\u00e9gicos que reflejen tus intenciones y se alineen con tu visi\u00f3n.<\/p><h3 style=\"padding-left: 40px;\"><strong>S\u00e9 aut\u00e9ntico y honesto<\/strong><\/h3><p style=\"padding-left: 40px;\">Una marca consciente es genuina. Ama el trabajo que hace, manifiesta la manera ideal de operar y act\u00faa en consecuencia, atrayendo a los clientes que sue\u00f1a servir.  <strong>La autenticidad construye confianza y lealtad.<\/strong><\/p><h3 style=\"padding-left: 40px;\"><strong>Mant\u00e9n la mente abierta al crecimiento<\/strong><\/h3><p style=\"padding-left: 40px;\">Las marcas conscientes tienen <strong>l\u00edmites claros pero tambi\u00e9n son flexibles. <\/strong>Est\u00e1n siempre abiertas a aprender, adaptarse y crecer de manera sostenible que priorice el \u00e9xito a largo plazo.<\/p>\t\t\t\t\t\t\t\t<\/div>\n\t\t\t\t<\/div>\n\t\t<div class=\"elementor-element elementor-element-f475979 e-con-full e-flex e-con e-child\" data-id=\"f475979\" data-element_type=\"container\" data-e-type=\"container\" data-settings=\"{&quot;background_background&quot;:&quot;classic&quot;}\">\n\t\t\t\t<div class=\"elementor-element elementor-element-60c4304 elementor-widget__width-initial elementor-widget-mobile__width-inherit elementor-widget elementor-widget-text-editor\" data-id=\"60c4304\" data-element_type=\"widget\" data-e-type=\"widget\" data-widget_type=\"text-editor.default\">\n\t\t\t\t<div class=\"elementor-widget-container\">\n\t\t\t\t\t\t\t\t\t<p><strong>Ejemplo de branding consciente para un proyecto inmobiliario<\/strong><\/p>\n<p>Un proyecto inmobiliario que promueva una forma diferente de vivir y fomente una comunidad basada en el respeto por la naturaleza, la salud y la autosuficiencia.<\/p>\t\t\t\t\t\t\t\t<\/div>\n\t\t\t\t<\/div>\n\t\t\t\t<div class=\"elementor-element elementor-element-d3f878d elementor-widget elementor-widget-image\" data-id=\"d3f878d\" data-element_type=\"widget\" data-e-type=\"widget\" data-widget_type=\"image.default\">\n\t\t\t\t<div class=\"elementor-widget-container\">\n\t\t\t\t\t\t\t\t\t\t\t\t\t\t\t\t<a href=\"https:\/\/thereserveatnisibon.com\/\" target=\"_blank\" rel=\"noopener\">\n\t\t\t\t\t\t\t<img fetchpriority=\"high\" decoding=\"async\" width=\"800\" height=\"986\" src=\"https:\/\/thevisualcorner.net\/wp-content\/uploads\/2024\/10\/Nueva-web-The-reserve-Nisibon-thevisualcorner-831x1024.jpg\" class=\"attachment-large size-large wp-image-66985\" alt=\"\" srcset=\"https:\/\/thevisualcorner.net\/wp-content\/uploads\/2024\/10\/Nueva-web-The-reserve-Nisibon-thevisualcorner-831x1024.jpg 831w, https:\/\/thevisualcorner.net\/wp-content\/uploads\/2024\/10\/Nueva-web-The-reserve-Nisibon-thevisualcorner-244x300.jpg 244w, https:\/\/thevisualcorner.net\/wp-content\/uploads\/2024\/10\/Nueva-web-The-reserve-Nisibon-thevisualcorner-768x946.jpg 768w, https:\/\/thevisualcorner.net\/wp-content\/uploads\/2024\/10\/Nueva-web-The-reserve-Nisibon-thevisualcorner-1247x1536.jpg 1247w, https:\/\/thevisualcorner.net\/wp-content\/uploads\/2024\/10\/Nueva-web-The-reserve-Nisibon-thevisualcorner-1663x2048.jpg 1663w\" sizes=\"(max-width: 800px) 100vw, 800px\" \/>\t\t\t\t\t\t\t\t<\/a>\n\t\t\t\t\t\t\t\t\t\t\t\t\t\t\t<\/div>\n\t\t\t\t<\/div>\n\t\t\t\t<div class=\"elementor-element elementor-element-838bdd3 elementor-widget elementor-widget-image\" data-id=\"838bdd3\" data-element_type=\"widget\" data-e-type=\"widget\" data-widget_type=\"image.default\">\n\t\t\t\t<div class=\"elementor-widget-container\">\n\t\t\t\t\t\t\t\t\t\t\t\t\t\t\t\t<a href=\"https:\/\/thereserveatnisibon.com\/\" target=\"_blank\" rel=\"noopener\">\n\t\t\t\t\t\t\t<img decoding=\"async\" width=\"800\" height=\"1001\" src=\"https:\/\/thevisualcorner.net\/wp-content\/uploads\/2024\/10\/Nisibon-web-thevisualcorner-818x1024.jpg\" class=\"attachment-large size-large wp-image-66983\" alt=\"Conscious branding for Real Estate\" srcset=\"https:\/\/thevisualcorner.net\/wp-content\/uploads\/2024\/10\/Nisibon-web-thevisualcorner-818x1024.jpg 818w, https:\/\/thevisualcorner.net\/wp-content\/uploads\/2024\/10\/Nisibon-web-thevisualcorner-240x300.jpg 240w, https:\/\/thevisualcorner.net\/wp-content\/uploads\/2024\/10\/Nisibon-web-thevisualcorner-768x962.jpg 768w, https:\/\/thevisualcorner.net\/wp-content\/uploads\/2024\/10\/Nisibon-web-thevisualcorner-1227x1536.jpg 1227w, https:\/\/thevisualcorner.net\/wp-content\/uploads\/2024\/10\/Nisibon-web-thevisualcorner-1636x2048.jpg 1636w, https:\/\/thevisualcorner.net\/wp-content\/uploads\/2024\/10\/Nisibon-web-thevisualcorner.jpg 2000w\" sizes=\"(max-width: 800px) 100vw, 800px\" \/>\t\t\t\t\t\t\t\t<\/a>\n\t\t\t\t\t\t\t\t\t\t\t\t\t\t\t<\/div>\n\t\t\t\t<\/div>\n\t\t\t\t<\/div>\n\t\t\t\t<div class=\"elementor-element elementor-element-716e7fd elementor-widget elementor-widget-text-editor\" data-id=\"716e7fd\" data-element_type=\"widget\" data-e-type=\"widget\" data-widget_type=\"text-editor.default\">\n\t\t\t\t<div class=\"elementor-widget-container\">\n\t\t\t\t\t\t\t\t\t<h2><strong>\u00bfPor qu\u00e9 el branding consciente importa?<\/strong><\/h2><p>A conscious brand inspires by doing ordinary things extraordinarily. <b>Una marca consciente inspira al hacer cosas ordinarias de manera extraordinaria. Est\u00e1 comprometida a crear un impacto que va m\u00e1s all\u00e1 de las ganancias, enfoc\u00e1ndose en construir conexiones significativas y dejando una huella positiva.<\/b> Se trata de presentarse como una marca coherente, comprometida y valiente.<\/p><p>Al adoptar el branding consciente, puedes manifestar y dise\u00f1ar la marca que siempre has imaginado. <b>No se trata solo de d\u00f3nde est\u00e1 tu negocio hoy, sino de hacia d\u00f3nde quieres llevarlo<\/b>, guiado por tus intenciones y alimentado por tu pasi\u00f3n.<\/p><p> <\/p><h2><strong>\u00bfQu\u00e9 negocios pueden beneficiarse del branding consciente?<\/strong><\/h2><p><a href=\"https:\/\/thevisualcorner.net\/portfolio\/branding-for-diana-zuluaga\/\" target=\"_blank\" rel=\"noopener\">El branding consciente es para negocios e individuos <\/a>que quieren que su trabajo refleje sus valores, conecte aut\u00e9nticamente con su audiencia y deje un impacto duradero. Es particularmente poderoso para creativos, marcas personales y emprendedores orientados a un prop\u00f3sito. <\/p><p>Algunos ejemplos de qui\u00e9nes pueden beneficiarse de esta forma de trabajar tu marca:<\/p><ul><li><a href=\"https:\/\/thevisualcorner.net\/portfolio\/branding-for-diana-zuluaga\/\" target=\"_blank\" rel=\"noopener\"><strong>Coaches<\/strong><\/a>: Si tu trabajo se basa en construir la confianza y trabajar la autenticidad para guiar e inspirar a tus clientes a trav\u00e9s de un enfoque \u00fanico.<\/li><li><a href=\"https:\/\/thevisualcorner.net\/es\/portfolio\/diseno-de-marca-premium-para-kusuka-art-baskets\/\" target=\"_blank\" rel=\"noopener\"><strong>Artesano:<\/strong><\/a> Quieres destacar la artesan\u00eda y sostenibilidad en tus creaciones hechas a mano, inspirando a otros a preservar el legado y las t\u00e9cnicas tradicionales.<\/li><li><strong>Dise\u00f1ador:<\/strong> Deseas mostrar tu est\u00e9tica \u00fanica y alinearla con tus valores, present\u00e1ndote como un profesional cercano y centrado en las personas.<\/li><li><strong>Arquitecto:<\/strong> Buscas enfatizar la creatividad, funcionalidad y dise\u00f1o ecol\u00f3gico para crear espacios que resuenen profundamente con tu audiencia.<\/li><li><strong><a href=\"https:\/\/thevisualcorner.net\/es\/portfolio\/branding-para-florista-y-diseno-web-nia-floral-art\/\" target=\"_blank\" rel=\"noopener\">Floristas:<\/a><\/strong> Capturan la belleza de sus arreglos mientras promueven pr\u00e1cticas sostenibles y apoyan materiales locales.<\/li><li><a href=\"https:\/\/thevisualcorner.net\/es\/portfolio\/katta-tubio-photographer-branding-diseno-web-premium\/\" target=\"_blank\" rel=\"noopener\"><strong>Fot\u00f3grafo:<\/strong><\/a> Buscas contar historias aut\u00e9nticas a trav\u00e9s de tu lente, conectando con tu audiencia ideal de manera genuina y honesta.<\/li><li><strong><a href=\"https:\/\/thevisualcorner.net\/portfolio\/amethyst-skincare-branding-packaging-and-photos\/\" target=\"_blank\" rel=\"noopener\">Marcas de cosm\u00e9tica:<\/a><\/strong> Deseas promover autenticidad y sostenibilidad en tus productos mediante el uso de materiales locales, elementos reciclados y empaques ecol\u00f3gicos.<\/li><\/ul><p> <\/p><p>Al alinear tu marca con tu misi\u00f3n y destacar tu historia \u00fanica, puedes atraer clientes que realmente resuenen con tu trabajo. El branding consciente te permite resaltar tu oficio de una manera que se sienta genuina, inspiradora e intencional. <\/p><p>Tu marca debe representar m\u00e1s que lo que haces, c\u00f3mo crear diferencia, porque ls marcas conscientes no van solo de estrategia, es una forma de hacer negocios con coraz\u00f3n y prop\u00f3sito.<\/p><h2><strong>Manifiesta la marca que quieres ser<\/strong> con el branding consciente<\/h2><p>Ya sea que est\u00e9s <a href=\"https:\/\/thevisualcorner.net\/signs-to-rebrand-your-business\/\" target=\"_blank\" rel=\"noopener\">creando una nueva marca o repensando una existente,<\/a> el camino hacia el branding consciente requiere claridad, honestidad y prop\u00f3sito. S\u00e9 consciente de tu impacto, mantente alineado con tus valores y permite que tu marca evolucione en armon\u00eda con tus objetivos. <\/p><ul><li>\u00bfEst\u00e1s listo para dar el salto y elevar tu marca a un nivel consciente e impactante? La elecci\u00f3n es tuya, y los resultados transformar\u00e1n no solo tu negocio, sino tambi\u00e9n el mundo que te rodea.  <a href=\"https:\/\/thevisualcorner.net\/es\/ponte-en-contacto\/\" target=\"_blank\" rel=\"noopener\">Podemos ayudarte. <\/a><\/li><\/ul>\t\t\t\t\t\t\t\t<\/div>\n\t\t\t\t<\/div>\n\t\t<div class=\"elementor-element elementor-element-5372d60 e-con-full e-flex e-con e-child\" data-id=\"5372d60\" data-element_type=\"container\" data-e-type=\"container\" data-settings=\"{&quot;background_background&quot;:&quot;classic&quot;}\">\n\t\t\t\t<div class=\"elementor-element elementor-element-4e0c746 elementor-widget__width-initial elementor-widget-mobile__width-inherit elementor-widget elementor-widget-text-editor\" data-id=\"4e0c746\" data-element_type=\"widget\" data-e-type=\"widget\" data-widget_type=\"text-editor.default\">\n\t\t\t\t<div class=\"elementor-widget-container\">\n\t\t\t\t\t\t\t\t\t<p><strong>Ejemplo de un proyecto de marca consciente de una coach de estilo de vida <\/strong><\/p>\n<p>Consultor\u00eda de marca y dise\u00f1o para una marca consciente centrada en una coach de estilo de vida que inspira a las mujeres a enamorarse de su imagen a trav\u00e9s del minimalismo.<\/p>\t\t\t\t\t\t\t\t<\/div>\n\t\t\t\t<\/div>\n\t\t\t\t<div class=\"elementor-element elementor-element-f10333d elementor-widget__width-initial elementor-widget elementor-widget-image\" data-id=\"f10333d\" data-element_type=\"widget\" data-e-type=\"widget\" data-widget_type=\"image.default\">\n\t\t\t\t<div class=\"elementor-widget-container\">\n\t\t\t\t\t\t\t\t\t\t\t\t\t\t\t<img decoding=\"async\" width=\"800\" height=\"800\" src=\"https:\/\/thevisualcorner.net\/wp-content\/uploads\/2024\/10\/Patricia-Panos-branding-minimalista-thevisualcorner2-1024x1024.jpg\" class=\"attachment-large size-large wp-image-66831\" alt=\"\" srcset=\"https:\/\/thevisualcorner.net\/wp-content\/uploads\/2024\/10\/Patricia-Panos-branding-minimalista-thevisualcorner2-1024x1024.jpg 1024w, https:\/\/thevisualcorner.net\/wp-content\/uploads\/2024\/10\/Patricia-Panos-branding-minimalista-thevisualcorner2-300x300.jpg 300w, https:\/\/thevisualcorner.net\/wp-content\/uploads\/2024\/10\/Patricia-Panos-branding-minimalista-thevisualcorner2-150x150.jpg 150w, https:\/\/thevisualcorner.net\/wp-content\/uploads\/2024\/10\/Patricia-Panos-branding-minimalista-thevisualcorner2-768x768.jpg 768w, https:\/\/thevisualcorner.net\/wp-content\/uploads\/2024\/10\/Patricia-Panos-branding-minimalista-thevisualcorner2-1536x1536.jpg 1536w, https:\/\/thevisualcorner.net\/wp-content\/uploads\/2024\/10\/Patricia-Panos-branding-minimalista-thevisualcorner2-2048x2048.jpg 2048w, https:\/\/thevisualcorner.net\/wp-content\/uploads\/2024\/10\/Patricia-Panos-branding-minimalista-thevisualcorner2-650x650.jpg 650w, https:\/\/thevisualcorner.net\/wp-content\/uploads\/2024\/10\/Patricia-Panos-branding-minimalista-thevisualcorner2-1300x1300.jpg 1300w\" sizes=\"(max-width: 800px) 100vw, 800px\" \/>\t\t\t\t\t\t\t\t\t\t\t\t\t\t\t<\/div>\n\t\t\t\t<\/div>\n\t\t\t\t<div class=\"elementor-element elementor-element-92ead05 elementor-widget elementor-widget-image\" data-id=\"92ead05\" data-element_type=\"widget\" data-e-type=\"widget\" data-widget_type=\"image.default\">\n\t\t\t\t<div class=\"elementor-widget-container\">\n\t\t\t\t\t\t\t\t\t\t\t\t\t\t\t<img loading=\"lazy\" decoding=\"async\" width=\"800\" height=\"600\" src=\"https:\/\/thevisualcorner.net\/wp-content\/uploads\/2024\/10\/Patricia-Panos-branding-minimalista-thevisualcorner1-1024x768.jpg\" class=\"attachment-large size-large wp-image-66829\" alt=\"Dise\u00f1o editorial minimalista para proyecto de marca personal Patricia Pa\u00f1os por The Visual Corner branding\" srcset=\"https:\/\/thevisualcorner.net\/wp-content\/uploads\/2024\/10\/Patricia-Panos-branding-minimalista-thevisualcorner1-1024x768.jpg 1024w, https:\/\/thevisualcorner.net\/wp-content\/uploads\/2024\/10\/Patricia-Panos-branding-minimalista-thevisualcorner1-300x225.jpg 300w, https:\/\/thevisualcorner.net\/wp-content\/uploads\/2024\/10\/Patricia-Panos-branding-minimalista-thevisualcorner1-768x576.jpg 768w, https:\/\/thevisualcorner.net\/wp-content\/uploads\/2024\/10\/Patricia-Panos-branding-minimalista-thevisualcorner1-1536x1152.jpg 1536w, https:\/\/thevisualcorner.net\/wp-content\/uploads\/2024\/10\/Patricia-Panos-branding-minimalista-thevisualcorner1-2048x1536.jpg 2048w\" sizes=\"(max-width: 800px) 100vw, 800px\" \/>\t\t\t\t\t\t\t\t\t\t\t\t\t\t\t<\/div>\n\t\t\t\t<\/div>\n\t\t\t\t<\/div>\n\t\t\t\t\t<\/div>\n\t\t\t\t<\/div>\n\t\t\t\t<\/div>\n\t\t","protected":false},"excerpt":{"rendered":"<p>Descubre el poder transformador del branding consciente. Aprende los pasos estrat\u00e9gicos para construir una marca que refleje tu visi\u00f3n, atraiga a clientes premium y potencie el crecimiento sostenible de tu negocio. Lleva tu marca al siguiente nivel con prop\u00f3sito, autenticidad y estrategias dise\u00f1adas para un \u00e9xito a largo plazo.  <\/p>\n","protected":false},"author":2,"featured_media":66983,"comment_status":"open","ping_status":"open","sticky":false,"template":"elementor_theme","format":"standard","meta":{"footnotes":""},"categories":[60,62],"tags":[101,99,100,102],"class_list":["post-67993","post","type-post","status-publish","format-standard","has-post-thumbnail","hentry","category-branding-es-2","category-emprender","tag-branding-alineado","tag-branding-consciente","tag-branding-sostenible","tag-marca-personal"],"_links":{"self":[{"href":"https:\/\/thevisualcorner.net\/es\/wp-json\/wp\/v2\/posts\/67993","targetHints":{"allow":["GET"]}}],"collection":[{"href":"https:\/\/thevisualcorner.net\/es\/wp-json\/wp\/v2\/posts"}],"about":[{"href":"https:\/\/thevisualcorner.net\/es\/wp-json\/wp\/v2\/types\/post"}],"author":[{"embeddable":true,"href":"https:\/\/thevisualcorner.net\/es\/wp-json\/wp\/v2\/users\/2"}],"replies":[{"embeddable":true,"href":"https:\/\/thevisualcorner.net\/es\/wp-json\/wp\/v2\/comments?post=67993"}],"version-history":[{"count":2,"href":"https:\/\/thevisualcorner.net\/es\/wp-json\/wp\/v2\/posts\/67993\/revisions"}],"predecessor-version":[{"id":69915,"href":"https:\/\/thevisualcorner.net\/es\/wp-json\/wp\/v2\/posts\/67993\/revisions\/69915"}],"wp:featuredmedia":[{"embeddable":true,"href":"https:\/\/thevisualcorner.net\/es\/wp-json\/wp\/v2\/media\/66983"}],"wp:attachment":[{"href":"https:\/\/thevisualcorner.net\/es\/wp-json\/wp\/v2\/media?parent=67993"}],"wp:term":[{"taxonomy":"category","embeddable":true,"href":"https:\/\/thevisualcorner.net\/es\/wp-json\/wp\/v2\/categories?post=67993"},{"taxonomy":"post_tag","embeddable":true,"href":"https:\/\/thevisualcorner.net\/es\/wp-json\/wp\/v2\/tags?post=67993"}],"curies":[{"name":"wp","href":"https:\/\/api.w.org\/{rel}","templated":true}]}}