{"id":68089,"date":"2025-01-26T22:06:51","date_gmt":"2025-01-26T22:06:51","guid":{"rendered":"https:\/\/thevisualcorner.net\/branding-intuitivo-disena-una-marca-poderosa-que-impacta\/"},"modified":"2025-01-27T12:57:09","modified_gmt":"2025-01-27T12:57:09","slug":"branding-intuitivo-disena-una-marca-poderosa-que-impacta","status":"publish","type":"post","link":"https:\/\/thevisualcorner.net\/es\/branding-intuitivo-disena-una-marca-poderosa-que-impacta\/","title":{"rendered":"Branding intuitivo: Dise\u00f1a una marca poderosa que impacta"},"content":{"rendered":"\t\t<div data-elementor-type=\"wp-post\" data-elementor-id=\"68089\" class=\"elementor elementor-68089 elementor-68039\" data-elementor-post-type=\"post\">\n\t\t\t\t<div class=\"elementor-element elementor-element-bcd5e9c e-flex e-con-boxed e-con e-parent\" data-id=\"bcd5e9c\" data-element_type=\"container\" data-e-type=\"container\">\n\t\t\t\t\t<div class=\"e-con-inner\">\n\t\t\t\t<div class=\"elementor-element elementor-element-bf1838c elementor-widget elementor-widget-text-editor\" data-id=\"bf1838c\" data-element_type=\"widget\" data-e-type=\"widget\" data-widget_type=\"text-editor.default\">\n\t\t\t\t<div class=\"elementor-widget-container\">\n\t\t\t\t\t\t\t\t\t<h2>\u00bfQu\u00e9 es el <em> branding intuitivo? <\/em><\/h2><p><b>El branding intuitivo es un enfoque estrat\u00e9gico<\/b> que combina dise\u00f1o e inteligencia emocional conectada con tu esencia, para crear conexiones genuinas con tu audiencia.<\/p><h3>\u00bfPorqu\u00e9 el branding intuitivo debe interesarte?<\/h3><p>El marketing tradicional habla a la gente. El <b>branding intuitivo <u>habla con ella<\/u><\/b>. Se trata de entender las necesidades y emociones m\u00e1s profundas de tus clientes.<\/p>\t\t\t\t\t\t\t\t<\/div>\n\t\t\t\t<\/div>\n\t\t<div class=\"elementor-element elementor-element-68e280e e-grid e-con-full e-con e-child\" data-id=\"68e280e\" data-element_type=\"container\" data-e-type=\"container\" data-settings=\"{&quot;background_background&quot;:&quot;classic&quot;}\">\n\t\t\t\t<div class=\"elementor-element elementor-element-3850cb6 elementor-widget__width-initial elementor-widget elementor-widget-heading\" data-id=\"3850cb6\" data-element_type=\"widget\" data-e-type=\"widget\" data-widget_type=\"heading.default\">\n\t\t\t\t<div class=\"elementor-widget-container\">\n\t\t\t\t\t<h2 class=\"elementor-heading-title elementor-size-default\">El <i>branding intuitivo<\/i> es m\u00e1s que una estrategia de marketing: es un <u><i>enfoque integral<\/i><\/u> <\/h2>\t\t\t\t<\/div>\n\t\t\t\t<\/div>\n\t\t\t\t<\/div>\n\t\t\t\t<div class=\"elementor-element elementor-element-541a4fc elementor-widget elementor-widget-text-editor\" data-id=\"541a4fc\" data-element_type=\"widget\" data-e-type=\"widget\" data-widget_type=\"text-editor.default\">\n\t\t\t\t<div class=\"elementor-widget-container\">\n\t\t\t\t\t\t\t\t\t<h2>5 <em>claves estrategicas<\/em> para crear un branding intuitivo<\/h2><h3 class=\"text-lg font-bold text-text-200 mt-1 -mb-1.5\">1. Una primera impresi\u00f3n clara<\/h3><ul class=\"[&amp;:not(:last-child)_ul]:pb-1 [&amp;:not(:last-child)_ol]:pb-1 list-disc space-y-1.5 pl-7\"><li class=\"whitespace-normal break-words\">Ejemplo: La est\u00e9tica limpia de la plataforma Spotify le ayuda a comunicar su pr\u00f3posito<\/li><li class=\"whitespace-normal break-words\">Preguntas que puedes hacerte:<br \/><ul class=\"[&amp;:not(:last-child)_ul]:pb-1 [&amp;:not(:last-child)_ol]:pb-1 list-disc space-y-1.5 pl-7\"><li class=\"whitespace-normal break-words\"><b>\u00bfQu\u00e9 crees que tus compradores comprenden de tu negocio en los primero 3 segundos que tienen contacto con la marca?<\/b><\/li><li class=\"whitespace-normal break-words\"><b>\u00bfTu marca y su mensaje es consistente en todos sus canales?<\/b><\/li><\/ul><\/li><\/ul><h3 class=\"text-lg font-bold text-text-200 mt-1 -mb-1.5\">2. Storytelling emocional<\/h3><ul class=\"[&amp;:not(:last-child)_ul]:pb-1 [&amp;:not(:last-child)_ol]:pb-1 list-disc space-y-1.5 pl-7\"><li class=\"whitespace-normal break-words\">Un ejemplo de un storytelling emocional bien trabajando es la marca Patagonia, que tiene un compromiso medioambiental que va m\u00e1s all\u00e1 de vender equipamiento o ropa para atividades de exterior.<\/li><li class=\"whitespace-normal break-words\">\u00bfQu\u00e9 puedes hacer tu?:<br \/><ul class=\"[&amp;:not(:last-child)_ul]:pb-1 [&amp;:not(:last-child)_ol]:pb-1 list-disc space-y-1.5 pl-7\"><li class=\"whitespace-normal break-words\"><b>Puedes trabajar sobre las emociones que transmite tu marca.<\/b><\/li><li class=\"whitespace-normal break-words\"><b>Preg\u00fantate: \u00bfC\u00f3mo puedes crear experiencias reales y memorables para tus clientes y audiencia?<\/b><\/li><\/ul><\/li><\/ul><h3 class=\"text-lg font-bold text-text-200 mt-1 -mb-1.5\">3. Una comunicaci\u00f3n aut\u00e9ntica<\/h3><ul class=\"[&amp;:not(:last-child)_ul]:pb-1 [&amp;:not(:last-child)_ol]:pb-1 list-disc space-y-1.5 pl-7\"><li class=\"whitespace-normal break-words\"><b>S\u00e9 real, no perfecta.<\/b><\/li><li class=\"whitespace-normal break-words\">Comparte momentos de tu vida diaria o detr\u00e1s de escena.\u00a0<\/li><li class=\"whitespace-normal break-words\">Ejemplo: La empresa Glossier usa mucho contenido generado por su comunidad en sus canales de comunicaci\u00f3n. En otras palabras, <strong>dan protagonismo y voz a su audiencia.<\/strong><\/li><\/ul><div>\u00a0<\/div><h3 class=\"text-lg font-bold text-text-200 mt-1 -mb-1.5\">4. S\u00e9 estrat\u00e9gicamente flexible<\/h3><ul class=\"[&amp;:not(:last-child)_ul]:pb-1 [&amp;:not(:last-child)_ol]:pb-1 list-disc space-y-1.5 pl-7\"><li class=\"whitespace-normal break-words\"><b>Dise\u00f1a tu propia plataforma de marca que sea adaptable a tu mercado.\u00a0<\/b><\/li><li class=\"whitespace-normal break-words\">Un ejemplo de este tipo de propuestas es la empresa Adobe y su modelo de negocio de Creative Cloud. Desde esta plataforma ofrecen numerosas soluciones personalizadas a muchos profesionales del dise\u00f1o.<\/li><\/ul><div>\u00a0<\/div><h3 class=\"text-lg font-bold text-text-200 mt-1 -mb-1.5\">5. Ten un lenguaje visual consistente<\/h3><ul class=\"[&amp;:not(:last-child)_ul]:pb-1 [&amp;:not(:last-child)_ol]:pb-1 list-disc space-y-1.5 pl-7\"><li class=\"whitespace-normal break-words\"><b>Tu imaginario de marca, tu capital visual, colores, tipograf\u00edas, dise\u00f1o debe estar 100% alineado con tu personalidad y arquetipo de marca<\/b><\/li><li class=\"whitespace-normal break-words\">Una marca local que lo hace muy bien es Charuca y su estilo en tonos c\u00e1lidos, con ilustraciones planas y un lenguaje cercano y empoderador. Tambi\u00e9n es una buena representante de tener su propia plataforma de marca, desde que lanzaron la escuela de jefas bajo la marca Charuca.\u00a0<\/li><\/ul>\t\t\t\t\t\t\t\t<\/div>\n\t\t\t\t<\/div>\n\t\t\t\t\t<\/div>\n\t\t\t\t<\/div>\n\t\t<div class=\"elementor-element elementor-element-7f067bf e-flex e-con-boxed e-con e-parent\" data-id=\"7f067bf\" data-element_type=\"container\" data-e-type=\"container\">\n\t\t\t\t\t<div class=\"e-con-inner\">\n\t\t\t\t<div class=\"elementor-element elementor-element-ee01ea8 elementor-widget elementor-widget-text-editor\" data-id=\"ee01ea8\" data-element_type=\"widget\" data-e-type=\"widget\" data-widget_type=\"text-editor.default\">\n\t\t\t\t<div class=\"elementor-widget-container\">\n\t\t\t\t\t\t\t\t\t<h2 class=\"text-xl font-bold text-text-200 mt-1 -mb-0.5\">Pasos pr\u00e1cticos para <em>desarrollar tu branding usando tu intuici\u00f3n <\/em><\/h2><p><strong>Lo primero es que debes conocer muy bien a tu audiencia. No hay un atajo para saltar esta parte.<\/strong><\/p><ul class=\"[&amp;:not(:last-child)_ul]:pb-1 [&amp;:not(:last-child)_ol]:pb-1 list-disc space-y-1.5 pl-7\"><li class=\"whitespace-normal break-words\">Investiga a fondo cuales son las necesidades reales de tu audiencia<\/li><li class=\"whitespace-normal break-words\">Ten claro cuales son los avatares o tu cliente ideal por cada oferta de tu marca.<\/li><li class=\"whitespace-normal break-words\">Recoge y analiza el feedback de tus clientes de forma constante.<\/li><\/ul><div>\u00a0<\/div><p><strong>Ten una historia de marca clara, coherente y f\u00e1cil de entender<\/strong><\/p><ul class=\"[&amp;:not(:last-child)_ul]:pb-1 [&amp;:not(:last-child)_ol]:pb-1 list-disc space-y-1.5 pl-7\"><li class=\"whitespace-normal break-words\">Define el mensaje n\u00facleo o principal de tu marca.\u00a0<\/li><li class=\"whitespace-normal break-words\">Aseg\u00farate de que tu lenguaje visual como tu lenguaje verbal y no verbal est\u00e1n alineados.<\/li><li class=\"whitespace-normal break-words\">Ten una narrativa de marca consistente y f\u00e1cil de comprender por tu audiencia.\u00a0<\/li><\/ul><div>\u00a0<\/div><p><strong>Todo lo que dise\u00f1es, hazlo con una intenci\u00f3n clara y un prop\u00f3sito:<\/strong><\/p><ul class=\"[&amp;:not(:last-child)_ul]:pb-1 [&amp;:not(:last-child)_ol]:pb-1 list-disc space-y-1.5 pl-7\"><li class=\"whitespace-normal break-words\">Elige cada elemento visual de tu marca teniendo en cuenta tus arquetipos de personalidad. Si nos sabes cuales son, es algo que puedes trabajar con una <a href=\"https:\/\/thevisualcorner.net\/es\/consultoria-de-marca-para-negocios-y-emprendedores\/\" target=\"_blank\" rel=\"noopener\">consultor\u00eda de marca 1:1.<\/a><\/li><li class=\"whitespace-normal break-words\">Y muy importante, aseg\u00farate de que tu marca es consistente en todos los puntos de contacto con tu audiencia.\u00a0<\/li><li class=\"whitespace-normal break-words\">Dise\u00f1a o <a href=\"https:\/\/thevisualcorner.net\/es\/servicios-de-creacion-de-marca-branding\/\" target=\"_blank\" rel=\"noopener\">trabaja con profesionales<\/a> que te ayuden a crear una identidad de marca memorable<\/li><\/ul>\t\t\t\t\t\t\t\t<\/div>\n\t\t\t\t<\/div>\n\t\t<div class=\"elementor-element elementor-element-77262fc e-grid e-con-full e-con e-child\" data-id=\"77262fc\" data-element_type=\"container\" data-e-type=\"container\">\n\t\t\t\t<div class=\"elementor-element elementor-element-f45c035 elementor-widget elementor-widget-image\" data-id=\"f45c035\" data-element_type=\"widget\" data-e-type=\"widget\" data-widget_type=\"image.default\">\n\t\t\t\t<div class=\"elementor-widget-container\">\n\t\t\t\t\t\t\t\t\t\t\t\t\t\t\t<img fetchpriority=\"high\" decoding=\"async\" width=\"533\" height=\"799\" src=\"https:\/\/thevisualcorner.net\/wp-content\/uploads\/2024\/10\/Patricia-Panos-branding-minimalista-thevisualcorner32.jpg\" class=\"attachment-large size-large wp-image-66850\" alt=\"Fotograf\u00eda minimalista para proyecto de marca personal Patricia Pa\u00f1os por The Visual Corner branding\" srcset=\"https:\/\/thevisualcorner.net\/wp-content\/uploads\/2024\/10\/Patricia-Panos-branding-minimalista-thevisualcorner32.jpg 533w, https:\/\/thevisualcorner.net\/wp-content\/uploads\/2024\/10\/Patricia-Panos-branding-minimalista-thevisualcorner32-200x300.jpg 200w\" sizes=\"(max-width: 533px) 100vw, 533px\" \/>\t\t\t\t\t\t\t\t\t\t\t\t\t\t\t<\/div>\n\t\t\t\t<\/div>\n\t\t\t\t<div class=\"elementor-element elementor-element-11abd99 elementor-widget elementor-widget-image\" data-id=\"11abd99\" data-element_type=\"widget\" data-e-type=\"widget\" data-widget_type=\"image.default\">\n\t\t\t\t<div class=\"elementor-widget-container\">\n\t\t\t\t\t\t\t\t\t\t\t\t\t\t\t<img decoding=\"async\" width=\"683\" height=\"1024\" src=\"https:\/\/thevisualcorner.net\/wp-content\/uploads\/2025\/01\/Premium-branding-barcelona-683x1024.jpg\" class=\"attachment-large size-large wp-image-68021\" alt=\"\" srcset=\"https:\/\/thevisualcorner.net\/wp-content\/uploads\/2025\/01\/Premium-branding-barcelona-683x1024.jpg 683w, https:\/\/thevisualcorner.net\/wp-content\/uploads\/2025\/01\/Premium-branding-barcelona-200x300.jpg 200w, https:\/\/thevisualcorner.net\/wp-content\/uploads\/2025\/01\/Premium-branding-barcelona-768x1152.jpg 768w, https:\/\/thevisualcorner.net\/wp-content\/uploads\/2025\/01\/Premium-branding-barcelona-1024x1536.jpg 1024w, https:\/\/thevisualcorner.net\/wp-content\/uploads\/2025\/01\/Premium-branding-barcelona-1365x2048.jpg 1365w, https:\/\/thevisualcorner.net\/wp-content\/uploads\/2025\/01\/Premium-branding-barcelona-scaled.jpg 1707w\" sizes=\"(max-width: 683px) 100vw, 683px\" \/>\t\t\t\t\t\t\t\t\t\t\t\t\t\t\t<\/div>\n\t\t\t\t<\/div>\n\t\t\t\t<\/div>\n\t\t\t\t\t<\/div>\n\t\t\t\t<\/div>\n\t\t<div class=\"elementor-element elementor-element-95341ba e-flex e-con-boxed e-con e-parent\" data-id=\"95341ba\" data-element_type=\"container\" data-e-type=\"container\">\n\t\t\t\t\t<div class=\"e-con-inner\">\n\t\t\t\t<div class=\"elementor-element elementor-element-1e1c27c elementor-widget elementor-widget-text-editor\" data-id=\"1e1c27c\" data-element_type=\"widget\" data-e-type=\"widget\" data-widget_type=\"text-editor.default\">\n\t\t\t\t<div class=\"elementor-widget-container\">\n\t\t\t\t\t\t\t\t\t<h2>Si lo ves necesario, crea tu propia <em>plataforma de marca<\/em>: Una estrategia de branding muy actual<\/h2><p>Marcas poderosas como Adobe y Charuca usan esta estrategia para:<\/p><ul><li>Crear una <strong>experiencia de marca unificada<\/strong><\/li><li>Poder crear ofertas m\u00e1s personalizadas seg\u00fan su audiencia.<\/li><li>Tener <strong>soluciones m\u00e1s flexibles<\/strong> de su oferta.<\/li><\/ul><h2>Cosas a evitar si quieres <em>trabajar tu marca desde un branding intuitivo <\/em><\/h2><ul><li><b>Copiar competidores o lideres<\/b> de tu sector sin sentido o \u00e9tica.<\/li><li>Tener un <b>mensaje inconsistente <\/b> o cambiar muy a menudo tu mensaje.<\/li><li><b>Ignorar los comentarios de tus clientes, audiencia y colaboradores<\/b><\/li><li>No conocer o trabajar la voz \u00fanica de tu marca<\/li><li>No ser aut\u00e9ntico ni tener un estilo definido.<\/li><\/ul>\t\t\t\t\t\t\t\t<\/div>\n\t\t\t\t<\/div>\n\t\t\t\t\t<\/div>\n\t\t\t\t<\/div>\n\t\t<div class=\"elementor-element elementor-element-1852792 e-flex e-con-boxed e-con e-parent\" data-id=\"1852792\" data-element_type=\"container\" data-e-type=\"container\">\n\t\t\t\t\t<div class=\"e-con-inner\">\n\t\t\t\t<div class=\"elementor-element elementor-element-75b23c2 elementor-widget elementor-widget-text-editor\" data-id=\"75b23c2\" data-element_type=\"widget\" data-e-type=\"widget\" data-widget_type=\"text-editor.default\">\n\t\t\t\t<div class=\"elementor-widget-container\">\n\t\t\t\t\t\t\t\t\t<h3 class=\"text-lg font-bold text-text-200 mt-1 -mb-1.5\">Marcas que lo hacen de maravilla<\/h3><p class=\"whitespace-pre-wrap break-words\">Tomemos a Patagonia como ejemplo. No solo venden equipamiento para actividades al aire libre; defienden su amor por el medio ambiente. <strong>Su marca transmite sus valores, no solo vende productos. <\/strong><\/p><p class=\"whitespace-pre-wrap break-words\">O considera a Glossier, <strong>una marca de belleza que se siente como una conversaci\u00f3n con una amiga <\/strong> en lugar de un discurso de ventas.<\/p><p>Una <strong>marca personal<\/strong> que me encanta es la de <strong>Maite Issa<\/strong>, ya que <strong>desde sus valores y misi\u00f3n, moviliza miles de mujeres cada a\u00f1o.\u00a0<\/strong><\/p>\t\t\t\t\t\t\t\t<\/div>\n\t\t\t\t<\/div>\n\t\t\t\t\t<\/div>\n\t\t\t\t<\/div>\n\t\t<div class=\"elementor-element elementor-element-e8c08ee e-flex e-con-boxed e-con e-parent\" data-id=\"e8c08ee\" data-element_type=\"container\" data-e-type=\"container\">\n\t\t\t\t\t<div class=\"e-con-inner\">\n\t\t<div class=\"elementor-element elementor-element-1e76ef1 e-con-full e-flex e-con e-child\" data-id=\"1e76ef1\" data-element_type=\"container\" data-e-type=\"container\">\n\t\t\t\t<div class=\"elementor-element elementor-element-40696bb elementor-widget elementor-widget-image\" data-id=\"40696bb\" data-element_type=\"widget\" data-e-type=\"widget\" data-widget_type=\"image.default\">\n\t\t\t\t<div class=\"elementor-widget-container\">\n\t\t\t\t\t\t\t\t\t\t\t\t\t\t\t<img decoding=\"async\" width=\"683\" height=\"1024\" src=\"https:\/\/thevisualcorner.net\/wp-content\/uploads\/2025\/01\/premium-brander-mercy-guzman-683x1024.jpg\" class=\"attachment-large size-large wp-image-68027\" alt=\"H\" srcset=\"https:\/\/thevisualcorner.net\/wp-content\/uploads\/2025\/01\/premium-brander-mercy-guzman-683x1024.jpg 683w, https:\/\/thevisualcorner.net\/wp-content\/uploads\/2025\/01\/premium-brander-mercy-guzman-200x300.jpg 200w, https:\/\/thevisualcorner.net\/wp-content\/uploads\/2025\/01\/premium-brander-mercy-guzman-768x1152.jpg 768w, https:\/\/thevisualcorner.net\/wp-content\/uploads\/2025\/01\/premium-brander-mercy-guzman-1024x1536.jpg 1024w, https:\/\/thevisualcorner.net\/wp-content\/uploads\/2025\/01\/premium-brander-mercy-guzman.jpg 1200w\" sizes=\"(max-width: 683px) 100vw, 683px\" \/>\t\t\t\t\t\t\t\t\t\t\t\t\t\t\t<\/div>\n\t\t\t\t<\/div>\n\t\t\t\t<\/div>\n\t\t<div class=\"elementor-element elementor-element-1a8f03d e-con-full e-flex e-con e-child\" data-id=\"1a8f03d\" data-element_type=\"container\" data-e-type=\"container\">\n\t\t\t\t<div class=\"elementor-element elementor-element-fcff6d9 elementor-widget elementor-widget-text-editor\" data-id=\"fcff6d9\" data-element_type=\"widget\" data-e-type=\"widget\" data-widget_type=\"text-editor.default\">\n\t\t\t\t<div class=\"elementor-widget-container\">\n\t\t\t\t\t\t\t\t\t<h2>Y para cerrar: <em>Tu marca debe estar alineada a tu energ\u00eda <\/em><\/h2><p><strong>El branding intuitivo no se trata de vender\u2014se trata de crear conexiones significativas que resuenan con tu audiencia y tu esencia. <\/strong><span style=\"text-align: var(--text-align); background-color: var( --e-global-color-fca56fe ); color: var( --e-global-color-primary );\">Construir una marca intuitiva se trata de confiar en tu intuici\u00f3n, mantenerte fiel a tu visi\u00f3n y ver c\u00f3mo tu negocio se transforma cuando est\u00e1s alineada. Es vibrar y trabajar desde tu mejor energ\u00eda.\u00a0<\/span><\/p><p><b>El branding trabajado desde la intuici\u00f3n, se convierte en un viaje de auto-descubrimiento. <\/b>La clave est\u00e1 en alinear la expresi\u00f3n externa de tu negocio con su esencia interna. Cuando creas desde este lugar de autenticidad, la magia sucede.<\/p>\t\t\t\t\t\t\t\t<\/div>\n\t\t\t\t<\/div>\n\t\t\t\t<div class=\"elementor-element elementor-element-83f30df elementor-widget elementor-widget-text-editor\" data-id=\"83f30df\" data-element_type=\"widget\" data-e-type=\"widget\" data-widget_type=\"text-editor.default\">\n\t\t\t\t<div class=\"elementor-widget-container\">\n\t\t\t\t\t\t\t\t\t<h3>\u00bfTu mensaje de marca no est\u00e1 conectando?<\/h3>\n<p>Como estratega y dise\u00f1adora de marca, ayudo a emprendedores como t\u00fa a encontrar claridad y prop\u00f3sito en la historia de su marca. Agenda una <a href=\"https:\/\/calendly.com\/thevisualcorner\/31min?month=2025-01\" target=\"_blank\" rel=\"noopener\"><strong>consulta gratuita de 15 minutos<\/strong><\/a> para descubrir c\u00f3mo podemos dar vida a tu visi\u00f3n a trav\u00e9s de un branding y dise\u00f1o intencional.<\/p>\n\t\t\t\t\t\t\t\t<\/div>\n\t\t\t\t<\/div>\n\t\t\t\t<div class=\"elementor-element elementor-element-eefeaab elementor-widget elementor-widget-button\" data-id=\"eefeaab\" data-element_type=\"widget\" data-e-type=\"widget\" data-widget_type=\"button.default\">\n\t\t\t\t<div class=\"elementor-widget-container\">\n\t\t\t\t\t\t\t\t\t<div class=\"elementor-button-wrapper\">\n\t\t\t\t\t<a class=\"elementor-button elementor-button-link elementor-size-sm\" href=\"https:\/\/thevisualcorner.net\/es\/ponte-en-contacto\/\">\n\t\t\t\t\t\t<span class=\"elementor-button-content-wrapper\">\n\t\t\t\t\t\t\t\t\t<span class=\"elementor-button-text\">\u00bfHablamos?<\/span>\n\t\t\t\t\t<\/span>\n\t\t\t\t\t<\/a>\n\t\t\t\t<\/div>\n\t\t\t\t\t\t\t\t<\/div>\n\t\t\t\t<\/div>\n\t\t\t\t<\/div>\n\t\t\t\t\t<\/div>\n\t\t\t\t<\/div>\n\t\t\t\t<\/div>\n\t\t","protected":false},"excerpt":{"rendered":"<p>Construir una marca que conecte de verdad no se trata solo de logos y colores, sino de crear una historia intencional que resuene con tu audiencia. A trav\u00e9s de un branding estrat\u00e9gico e intuitivo, crearemos una identidad de marca que represente aut\u00e9nticamente tu negocio y hable directamente con tus clientes ideales.  <\/p>\n","protected":false},"author":2,"featured_media":68027,"comment_status":"open","ping_status":"open","sticky":false,"template":"elementor_theme","format":"standard","meta":{"footnotes":""},"categories":[51,55],"tags":[104],"class_list":["post-68089","post","type-post","status-publish","format-standard","has-post-thumbnail","hentry","category-branding","category-entrepreneurs-2","tag-disena-tu-marca-usando-el-branding-intuitivo"],"_links":{"self":[{"href":"https:\/\/thevisualcorner.net\/es\/wp-json\/wp\/v2\/posts\/68089","targetHints":{"allow":["GET"]}}],"collection":[{"href":"https:\/\/thevisualcorner.net\/es\/wp-json\/wp\/v2\/posts"}],"about":[{"href":"https:\/\/thevisualcorner.net\/es\/wp-json\/wp\/v2\/types\/post"}],"author":[{"embeddable":true,"href":"https:\/\/thevisualcorner.net\/es\/wp-json\/wp\/v2\/users\/2"}],"replies":[{"embeddable":true,"href":"https:\/\/thevisualcorner.net\/es\/wp-json\/wp\/v2\/comments?post=68089"}],"version-history":[{"count":0,"href":"https:\/\/thevisualcorner.net\/es\/wp-json\/wp\/v2\/posts\/68089\/revisions"}],"wp:featuredmedia":[{"embeddable":true,"href":"https:\/\/thevisualcorner.net\/es\/wp-json\/wp\/v2\/media\/68027"}],"wp:attachment":[{"href":"https:\/\/thevisualcorner.net\/es\/wp-json\/wp\/v2\/media?parent=68089"}],"wp:term":[{"taxonomy":"category","embeddable":true,"href":"https:\/\/thevisualcorner.net\/es\/wp-json\/wp\/v2\/categories?post=68089"},{"taxonomy":"post_tag","embeddable":true,"href":"https:\/\/thevisualcorner.net\/es\/wp-json\/wp\/v2\/tags?post=68089"}],"curies":[{"name":"wp","href":"https:\/\/api.w.org\/{rel}","templated":true}]}}